{"id":219,"date":"2014-07-10T05:00:00","date_gmt":"2014-07-10T05:00:00","guid":{"rendered":""},"modified":"2014-07-10T05:00:00","modified_gmt":"2014-07-10T05:00:00","slug":"la-transmision-sexual-del-sida-seria-evitada-por-un-gel","status":"publish","type":"post","link":"https:\/\/sertv.gob.pa\/nacionalfm\/la-transmision-sexual-del-sida-seria-evitada-por-un-gel\/","title":{"rendered":"La transmisi\u00f3n sexual del sida ser\u00eda evitada por un Gel"},"content":{"rendered":"<p>\nUn nuevo gel microbicida presentado en Madrid podr\u00eda prevenir la transmisi\u00f3n del virus causante del sida (VIH) durante las relaciones sexuales en un periodo de 18 a 24 horas, afirmaron los investigadores espa\u00f1oles que lo han creado. <\/p>\n<p>La jefa de secci\u00f3n del laboratorio de Inmunobiolog\u00eda Molecular del Hospital Gregorio Mara\u00f1\u00f3n, \u00c1ngeles Mu\u00f1oz, present\u00f3 este gel, de uso t\u00f3pico y que se halla en fase precl\u00ednica con una eficacia del 85% demostrada en experimentos con ratones. <\/p>\n<p>Junto a Mu\u00f1oz se encontraba en la conferencia de prensa el profesor titular del Departamento de Qu\u00edmica Inorg\u00e1nica de la Universidad de Alcal\u00e1, Javier de la Mata, quien dijo que se espera una eficacia del 100% del gel si se combina el gel con otros dos medicamentos antirretrovirales. <\/p>\n<p>El gel tendr\u00eda una eficacia de protecci\u00f3n ante el VIH de entre 18 y 24 horas, durante las cuales se podr\u00edan mantener relaciones sexuales sin contagio, y lo ideal ser\u00eda aplicarlo unas 8 horas antes de la relaci\u00f3n sexual prevista, seg\u00fan los expertos. El experimento in vivo se realiz\u00f3 en nueve ratones del tipo BLT.\u00a0 @nacionalFm <\/p>\n<p>\u00a0 <\/p>\n","protected":false},"excerpt":{"rendered":"<p>Un nuevo gel microbicida presentado en Madrid podr\u00eda prevenir la <a href=\"https:\/\/sertv.gob.pa\/nacionalfm\/la-transmision-sexual-del-sida-seria-evitada-por-un-gel\/\"> [&#8230;]<\/a><\/p>\n","protected":false},"author":1,"featured_media":220,"comment_status":"closed","ping_status":"closed","sticky":false,"template":"","format":"standard","meta":{"footnotes":""},"categories":[5],"tags":[],"class_list":["post-219","post","type-post","status-publish","format-standard","has-post-thumbnail","hentry","category-salud"],"_links":{"self":[{"href":"https:\/\/sertv.gob.pa\/nacionalfm\/wp-json\/wp\/v2\/posts\/219","targetHints":{"allow":["GET"]}}],"collection":[{"href":"https:\/\/sertv.gob.pa\/nacionalfm\/wp-json\/wp\/v2\/posts"}],"about":[{"href":"https:\/\/sertv.gob.pa\/nacionalfm\/wp-json\/wp\/v2\/types\/post"}],"author":[{"embeddable":true,"href":"https:\/\/sertv.gob.pa\/nacionalfm\/wp-json\/wp\/v2\/users\/1"}],"replies":[{"embeddable":true,"href":"https:\/\/sertv.gob.pa\/nacionalfm\/wp-json\/wp\/v2\/comments?post=219"}],"version-history":[{"count":0,"href":"https:\/\/sertv.gob.pa\/nacionalfm\/wp-json\/wp\/v2\/posts\/219\/revisions"}],"wp:featuredmedia":[{"embeddable":true,"href":"https:\/\/sertv.gob.pa\/nacionalfm\/wp-json\/wp\/v2\/media\/220"}],"wp:attachment":[{"href":"https:\/\/sertv.gob.pa\/nacionalfm\/wp-json\/wp\/v2\/media?parent=219"}],"wp:term":[{"taxonomy":"category","embeddable":true,"href":"https:\/\/sertv.gob.pa\/nacionalfm\/wp-json\/wp\/v2\/categories?post=219"},{"taxonomy":"post_tag","embeddable":true,"href":"https:\/\/sertv.gob.pa\/nacionalfm\/wp-json\/wp\/v2\/tags?post=219"}],"curies":[{"name":"wp","href":"https:\/\/api.w.org\/{rel}","templated":true}]}}