{"id":21908,"date":"2017-07-14T16:18:34","date_gmt":"2017-07-14T16:18:34","guid":{"rendered":""},"modified":"2017-07-14T16:18:34","modified_gmt":"2017-07-14T16:18:34","slug":"finaliza-vii-foro-de-deporte-cambiando-vidas-a-traves-del-deporte-de-apede","status":"publish","type":"post","link":"https:\/\/sertv.gob.pa\/nacionalfm\/finaliza-vii-foro-de-deporte-cambiando-vidas-a-traves-del-deporte-de-apede\/","title":{"rendered":"Finaliza VII Foro de Deporte de APEDE"},"content":{"rendered":"<p>\nLa Asociaci\u00f3n Paname\u00f1a de Ejecutivos de Empresa llev\u00f3 a cabo su VII Foro de Deporte &ldquo;Cambiando vidas a trav\u00e9s del deporte&rdquo;, en el Hotel Sheraton. <\/p>\n<p>Luego de las palabras de bienvenida del presidente de APEDE, Juan Gabriel Gonz\u00e1lez Saavedra se expusieron diversos temas que ata\u00f1en al deporte y a cambios de vida. <\/p>\n<p>Ana Carolina Redondo del Cooling Break, Jos\u00e9 Mar\u00eda Gonz\u00e1lez de Liga 10, Edgarlo Carles de Negocio de Representaci\u00f3n de F\u00fatbol y Leonardo Pipino Director de la Academia CAI, se refirieron al tema &ldquo;El Deporte como emprendimiento&rdquo;. <\/p>\n<p>Sobre &ldquo;El deporte y su impacto en la sociedad&rdquo; disertaron Ram\u00f3n &ldquo;Monchi&rdquo; Webster, del b\u00e9isbol quien milit\u00f3 en Las Grandes Ligas en cruenta \u00e9poca del racismo contra peloteros de la MLB y el canastero Mario Butler. <\/p>\n<p>En el tema de &ldquo;El rol del sector p\u00fablico en la promoci\u00f3n del deporte en Panam\u00e1&rdquo;, participaron el Secretario General de PANDEPORTES, en reemplazo del director Roberto Arango, Chiari, sobre Balance y proyecci\u00f3n de una gesti\u00f3n y del Alcalde del Distrito Capital de Panam\u00e1 Jos\u00e9 Isabel Bland\u00f3n, refiri\u00e9ndose a la &ldquo;Recuperaci\u00f3n de espacios p\u00fablicos para el deporte&rdquo; <\/p>\n<p>Y Finalmente celebraci\u00f3n a los 190 a\u00f1os del boxeo en Panam\u00e1 Actualidad del Boxeo Profesional, presentado por Daniel Alonso, periodista deportivo, especializado en boxeo y una Conferencia Magistral de cierre, el expositor internacional Mauricio Sulaim\u00e1n, presidente del Consejo Mundial de Boxeo. <\/p>\n","protected":false},"excerpt":{"rendered":"<p>La Asociaci\u00f3n Paname\u00f1a de Ejecutivos de Empresa llev\u00f3 a cabo <a href=\"https:\/\/sertv.gob.pa\/nacionalfm\/finaliza-vii-foro-de-deporte-cambiando-vidas-a-traves-del-deporte-de-apede\/\"> [&#8230;]<\/a><\/p>\n","protected":false},"author":1,"featured_media":21909,"comment_status":"closed","ping_status":"closed","sticky":false,"template":"","format":"standard","meta":{"footnotes":""},"categories":[4],"tags":[],"class_list":["post-21908","post","type-post","status-publish","format-standard","has-post-thumbnail","hentry","category-deportes"],"_links":{"self":[{"href":"https:\/\/sertv.gob.pa\/nacionalfm\/wp-json\/wp\/v2\/posts\/21908","targetHints":{"allow":["GET"]}}],"collection":[{"href":"https:\/\/sertv.gob.pa\/nacionalfm\/wp-json\/wp\/v2\/posts"}],"about":[{"href":"https:\/\/sertv.gob.pa\/nacionalfm\/wp-json\/wp\/v2\/types\/post"}],"author":[{"embeddable":true,"href":"https:\/\/sertv.gob.pa\/nacionalfm\/wp-json\/wp\/v2\/users\/1"}],"replies":[{"embeddable":true,"href":"https:\/\/sertv.gob.pa\/nacionalfm\/wp-json\/wp\/v2\/comments?post=21908"}],"version-history":[{"count":0,"href":"https:\/\/sertv.gob.pa\/nacionalfm\/wp-json\/wp\/v2\/posts\/21908\/revisions"}],"wp:featuredmedia":[{"embeddable":true,"href":"https:\/\/sertv.gob.pa\/nacionalfm\/wp-json\/wp\/v2\/media\/21909"}],"wp:attachment":[{"href":"https:\/\/sertv.gob.pa\/nacionalfm\/wp-json\/wp\/v2\/media?parent=21908"}],"wp:term":[{"taxonomy":"category","embeddable":true,"href":"https:\/\/sertv.gob.pa\/nacionalfm\/wp-json\/wp\/v2\/categories?post=21908"},{"taxonomy":"post_tag","embeddable":true,"href":"https:\/\/sertv.gob.pa\/nacionalfm\/wp-json\/wp\/v2\/tags?post=21908"}],"curies":[{"name":"wp","href":"https:\/\/api.w.org\/{rel}","templated":true}]}}