{"id":21914,"date":"2017-07-14T23:52:23","date_gmt":"2017-07-14T23:52:23","guid":{"rendered":""},"modified":"2017-07-14T23:52:23","modified_gmt":"2017-07-14T23:52:23","slug":"este-fin-de-semana-circuito-internacional-de-automovilismo","status":"publish","type":"post","link":"https:\/\/sertv.gob.pa\/nacionalfm\/este-fin-de-semana-circuito-internacional-de-automovilismo\/","title":{"rendered":"Este fin de semana Circuito Internacional de Automovilismo"},"content":{"rendered":"<p>\nEste fin de semana se llevar\u00e1 a cabo la segunda prueba del Automovilismo en el Circuito Internacional de Panam\u00e1, la temporada contin\u00faa ma\u00f1ana 15 y el domingo 16 de julio, con la participaci\u00f3n de los mejores pilotos del patio, en las categor\u00edas , Aficionados, S\u00faper Aficionados, Turismo, S\u00faper Turismo y Gran Turismo, GTS, GT2 Y GT1, en gran despliegue de velocidad y adrenalina que gusta al p\u00fablico amante de las diferentes modalidades del deporte a motor. <\/p>\n<p>El Circuito Internacional de Panam\u00e1 ubicado en Mendoza de la Chorrera, ser\u00e1 el punto central de la campa\u00f1a 2017. <\/p>\n<p>En la primera prueba v\u00e1lida de automovilismo nacional de la temporada 2017, el experimentado Oscar Ter\u00e1n a bordo del Jaguar\u00a0 Gris logr\u00f3 el p\u00f3dium en la GT1, en tanto que Christian Schriber en su Renault Cup ratific\u00f3 su p\u00f3dium en la divisi\u00f3n GT2. <\/p>\n","protected":false},"excerpt":{"rendered":"<p>Este fin de semana se llevar\u00e1 a cabo la segunda <a href=\"https:\/\/sertv.gob.pa\/nacionalfm\/este-fin-de-semana-circuito-internacional-de-automovilismo\/\"> [&#8230;]<\/a><\/p>\n","protected":false},"author":1,"featured_media":21915,"comment_status":"closed","ping_status":"closed","sticky":false,"template":"","format":"standard","meta":{"footnotes":""},"categories":[4],"tags":[],"class_list":["post-21914","post","type-post","status-publish","format-standard","has-post-thumbnail","hentry","category-deportes"],"_links":{"self":[{"href":"https:\/\/sertv.gob.pa\/nacionalfm\/wp-json\/wp\/v2\/posts\/21914","targetHints":{"allow":["GET"]}}],"collection":[{"href":"https:\/\/sertv.gob.pa\/nacionalfm\/wp-json\/wp\/v2\/posts"}],"about":[{"href":"https:\/\/sertv.gob.pa\/nacionalfm\/wp-json\/wp\/v2\/types\/post"}],"author":[{"embeddable":true,"href":"https:\/\/sertv.gob.pa\/nacionalfm\/wp-json\/wp\/v2\/users\/1"}],"replies":[{"embeddable":true,"href":"https:\/\/sertv.gob.pa\/nacionalfm\/wp-json\/wp\/v2\/comments?post=21914"}],"version-history":[{"count":0,"href":"https:\/\/sertv.gob.pa\/nacionalfm\/wp-json\/wp\/v2\/posts\/21914\/revisions"}],"wp:featuredmedia":[{"embeddable":true,"href":"https:\/\/sertv.gob.pa\/nacionalfm\/wp-json\/wp\/v2\/media\/21915"}],"wp:attachment":[{"href":"https:\/\/sertv.gob.pa\/nacionalfm\/wp-json\/wp\/v2\/media?parent=21914"}],"wp:term":[{"taxonomy":"category","embeddable":true,"href":"https:\/\/sertv.gob.pa\/nacionalfm\/wp-json\/wp\/v2\/categories?post=21914"},{"taxonomy":"post_tag","embeddable":true,"href":"https:\/\/sertv.gob.pa\/nacionalfm\/wp-json\/wp\/v2\/tags?post=21914"}],"curies":[{"name":"wp","href":"https:\/\/api.w.org\/{rel}","templated":true}]}}