{"id":21918,"date":"2017-07-15T00:37:15","date_gmt":"2017-07-15T00:37:15","guid":{"rendered":""},"modified":"2017-07-15T00:37:15","modified_gmt":"2017-07-15T00:37:15","slug":"mauricio-sulaiman-en-conferencia-magistral-de-apede","status":"publish","type":"post","link":"https:\/\/sertv.gob.pa\/nacionalfm\/mauricio-sulaiman-en-conferencia-magistral-de-apede\/","title":{"rendered":"Mauricio Sulaim\u00e1n en Conferencia Magistral de APEDE"},"content":{"rendered":"<p>\nAl celebrarse los 100 a\u00f1os de historia del boxeo en Panam\u00e1 cuando en el 18 de agosto se conmemore la existencia de un siglo de la Comisi\u00f3n de Boxeo Profesional de Panam\u00e1, la Asociaci\u00f3n Paname\u00f1a de Ejecutivos de Empresa invitaron al presidente del Consejo Mundial de Boxeo, el mexicano Mauricio Sulaim\u00e1n a que dictara una Conferencia Magistral en el Foro del Deporte, Cambiando Vida a Trav\u00e9s del Deporte. <\/p>\n<p>Mauricio Sulaim\u00e1n disert\u00f3 sobre la historia del Consejo Mundial de Boxeo que se fund\u00f3 en el a\u00f1o de 1963, y entre sus afiliados estuvo Panam\u00e1, destacando a los 2 boxeadores paname\u00f1os que m\u00e1s militaron en ese organismo, como Hilario &ldquo;Buj\u00eda&rdquo; Zapata y Roberto &ldquo;Mano de Piedra&rdquo; Dur\u00e1n. <\/p>\n<p>Mencion\u00f3 los avances del boxeo por la seguridad de los pugilistas como bajar de 15 a 12 asaltos los combates de t\u00edtulos mundiales, el pesaje un d\u00eda antes del encuentro para la mejor recuperaci\u00f3n de los atletas, lo mismo que se hacen un control 30 y 7 d\u00edas antes de un combate por t\u00edtulo mundial con el objeto de que el boxeador no baje dr\u00e1sticamente de peso. <\/p>\n<p>De igual manera Sulaim\u00e1n mencion\u00f3 el uso de la tecnolog\u00eda en el boxeo para revisar en caso de dudas mediante videos, si una cortadura fue producto de un cabezazo, codazo o golpe, tambi\u00e9n se refiri\u00f3 a el anuncio del resultado de los jueces luego del cuarto y octavo asaltos de los combates sancionados por el CMB. <\/p>\n","protected":false},"excerpt":{"rendered":"<p>Al celebrarse los 100 a\u00f1os de historia del boxeo en <a href=\"https:\/\/sertv.gob.pa\/nacionalfm\/mauricio-sulaiman-en-conferencia-magistral-de-apede\/\"> [&#8230;]<\/a><\/p>\n","protected":false},"author":1,"featured_media":21919,"comment_status":"closed","ping_status":"closed","sticky":false,"template":"","format":"standard","meta":{"footnotes":""},"categories":[4],"tags":[],"class_list":["post-21918","post","type-post","status-publish","format-standard","has-post-thumbnail","hentry","category-deportes"],"_links":{"self":[{"href":"https:\/\/sertv.gob.pa\/nacionalfm\/wp-json\/wp\/v2\/posts\/21918","targetHints":{"allow":["GET"]}}],"collection":[{"href":"https:\/\/sertv.gob.pa\/nacionalfm\/wp-json\/wp\/v2\/posts"}],"about":[{"href":"https:\/\/sertv.gob.pa\/nacionalfm\/wp-json\/wp\/v2\/types\/post"}],"author":[{"embeddable":true,"href":"https:\/\/sertv.gob.pa\/nacionalfm\/wp-json\/wp\/v2\/users\/1"}],"replies":[{"embeddable":true,"href":"https:\/\/sertv.gob.pa\/nacionalfm\/wp-json\/wp\/v2\/comments?post=21918"}],"version-history":[{"count":0,"href":"https:\/\/sertv.gob.pa\/nacionalfm\/wp-json\/wp\/v2\/posts\/21918\/revisions"}],"wp:featuredmedia":[{"embeddable":true,"href":"https:\/\/sertv.gob.pa\/nacionalfm\/wp-json\/wp\/v2\/media\/21919"}],"wp:attachment":[{"href":"https:\/\/sertv.gob.pa\/nacionalfm\/wp-json\/wp\/v2\/media?parent=21918"}],"wp:term":[{"taxonomy":"category","embeddable":true,"href":"https:\/\/sertv.gob.pa\/nacionalfm\/wp-json\/wp\/v2\/categories?post=21918"},{"taxonomy":"post_tag","embeddable":true,"href":"https:\/\/sertv.gob.pa\/nacionalfm\/wp-json\/wp\/v2\/tags?post=21918"}],"curies":[{"name":"wp","href":"https:\/\/api.w.org\/{rel}","templated":true}]}}