{"id":21956,"date":"2017-07-17T19:11:51","date_gmt":"2017-07-17T19:11:51","guid":{"rendered":""},"modified":"2017-07-17T19:11:51","modified_gmt":"2017-07-17T19:11:51","slug":"costarricense-valverde-gana-prueba-gt1-circuito-internacional-de-panama","status":"publish","type":"post","link":"https:\/\/sertv.gob.pa\/nacionalfm\/costarricense-valverde-gana-prueba-gt1-circuito-internacional-de-panama\/","title":{"rendered":"Costarricense Valverde gana Prueba GT1 Circuito Internacional de Panam\u00e1"},"content":{"rendered":"<p>\n El piloto costarricense Emilio &ldquo;Milo&rdquo; Valverde gan\u00f3 con un veh\u00edculo Corvette Verde el GT1 con una dura oposici\u00f3n del paname\u00f1o Oscar Ter\u00e1n a bordo del jaguar Gris # 17, como la principal figura nacional.  <\/p>\n<p> El evento form\u00f3 parte de la segunda prueba v\u00e1lida de automovilismo del Circuito Internacional de Panam\u00e1, que se desarrolla en las categor\u00edas Aficionados, S\u00faper Aficionados, Turismo, S\u00faper Turismo y Gran Turismo, GTS, GT2 y GT1.   <\/p>\n<p> Importante destacar que Luis Corbill\u00f3n fue el m\u00e1s r\u00e1pido en la divisi\u00f3n Gran Turismo, a trav\u00e9s\u00a0 del sistema mylaps cronometro un tiempo de 1:28.775 en una categor\u00eda dominada por Cristian Schriber a bordo del Renault Cup para consolidarse en la tabla general, escoltado en el segundo lugar por la pareja de Max y Axel Shubert y el tercer lugar fue para el experimentado Jorge Barriga. \u00a0  <\/p>\n","protected":false},"excerpt":{"rendered":"<p>El piloto costarricense Emilio &ldquo;Milo&rdquo; Valverde gan\u00f3 con un veh\u00edculo <a href=\"https:\/\/sertv.gob.pa\/nacionalfm\/costarricense-valverde-gana-prueba-gt1-circuito-internacional-de-panama\/\"> [&#8230;]<\/a><\/p>\n","protected":false},"author":1,"featured_media":21957,"comment_status":"closed","ping_status":"closed","sticky":false,"template":"","format":"standard","meta":{"footnotes":""},"categories":[4],"tags":[],"class_list":["post-21956","post","type-post","status-publish","format-standard","has-post-thumbnail","hentry","category-deportes"],"_links":{"self":[{"href":"https:\/\/sertv.gob.pa\/nacionalfm\/wp-json\/wp\/v2\/posts\/21956","targetHints":{"allow":["GET"]}}],"collection":[{"href":"https:\/\/sertv.gob.pa\/nacionalfm\/wp-json\/wp\/v2\/posts"}],"about":[{"href":"https:\/\/sertv.gob.pa\/nacionalfm\/wp-json\/wp\/v2\/types\/post"}],"author":[{"embeddable":true,"href":"https:\/\/sertv.gob.pa\/nacionalfm\/wp-json\/wp\/v2\/users\/1"}],"replies":[{"embeddable":true,"href":"https:\/\/sertv.gob.pa\/nacionalfm\/wp-json\/wp\/v2\/comments?post=21956"}],"version-history":[{"count":0,"href":"https:\/\/sertv.gob.pa\/nacionalfm\/wp-json\/wp\/v2\/posts\/21956\/revisions"}],"wp:featuredmedia":[{"embeddable":true,"href":"https:\/\/sertv.gob.pa\/nacionalfm\/wp-json\/wp\/v2\/media\/21957"}],"wp:attachment":[{"href":"https:\/\/sertv.gob.pa\/nacionalfm\/wp-json\/wp\/v2\/media?parent=21956"}],"wp:term":[{"taxonomy":"category","embeddable":true,"href":"https:\/\/sertv.gob.pa\/nacionalfm\/wp-json\/wp\/v2\/categories?post=21956"},{"taxonomy":"post_tag","embeddable":true,"href":"https:\/\/sertv.gob.pa\/nacionalfm\/wp-json\/wp\/v2\/tags?post=21956"}],"curies":[{"name":"wp","href":"https:\/\/api.w.org\/{rel}","templated":true}]}}