{"id":21960,"date":"2017-07-17T19:34:42","date_gmt":"2017-07-17T19:34:42","guid":{"rendered":""},"modified":"2017-07-17T19:34:42","modified_gmt":"2017-07-17T19:34:42","slug":"arboleda-pierde-su-primera-oportunidad-internacional-por-k-o","status":"publish","type":"post","link":"https:\/\/sertv.gob.pa\/nacionalfm\/arboleda-pierde-su-primera-oportunidad-internacional-por-k-o\/","title":{"rendered":"Arboleda pierde su primera oportunidad internacional por K.O."},"content":{"rendered":"<p>\nEl clasificado p\u00fagil paname\u00f1o Jaime Arboleda perdi\u00f3 su invicto y la oportunidad de vender imagen en el boxeo norteamericano ante el filipino Recky Dulay, por K.O. a los 2 minutos 3 segundos del tercer asalto. <\/p>\n<p>Los dos primeros asaltos fueron bastante parejos, pero en el tercero el filipino coloc\u00f3 una buena mano en la anatom\u00eda del paname\u00f1o quien trat\u00f3 en vano de incorporarse en dos ocasiones sin lograrlo por lo que se decret\u00f3 el K.O. <\/p>\n<p>El p\u00fagil filipino Recky Dulay mejora su r\u00e9cord a 10 victorias 2 derrotas con 7 K.O. y el de Arboleda cae a 10 victorias 1 derrota y 8 K.O. <\/p>\n<p>\u00a0 <\/p>\n","protected":false},"excerpt":{"rendered":"<p>El clasificado p\u00fagil paname\u00f1o Jaime Arboleda perdi\u00f3 su invicto y <a href=\"https:\/\/sertv.gob.pa\/nacionalfm\/arboleda-pierde-su-primera-oportunidad-internacional-por-k-o\/\"> [&#8230;]<\/a><\/p>\n","protected":false},"author":1,"featured_media":21961,"comment_status":"closed","ping_status":"closed","sticky":false,"template":"","format":"standard","meta":{"footnotes":""},"categories":[4],"tags":[],"class_list":["post-21960","post","type-post","status-publish","format-standard","has-post-thumbnail","hentry","category-deportes"],"_links":{"self":[{"href":"https:\/\/sertv.gob.pa\/nacionalfm\/wp-json\/wp\/v2\/posts\/21960","targetHints":{"allow":["GET"]}}],"collection":[{"href":"https:\/\/sertv.gob.pa\/nacionalfm\/wp-json\/wp\/v2\/posts"}],"about":[{"href":"https:\/\/sertv.gob.pa\/nacionalfm\/wp-json\/wp\/v2\/types\/post"}],"author":[{"embeddable":true,"href":"https:\/\/sertv.gob.pa\/nacionalfm\/wp-json\/wp\/v2\/users\/1"}],"replies":[{"embeddable":true,"href":"https:\/\/sertv.gob.pa\/nacionalfm\/wp-json\/wp\/v2\/comments?post=21960"}],"version-history":[{"count":0,"href":"https:\/\/sertv.gob.pa\/nacionalfm\/wp-json\/wp\/v2\/posts\/21960\/revisions"}],"wp:featuredmedia":[{"embeddable":true,"href":"https:\/\/sertv.gob.pa\/nacionalfm\/wp-json\/wp\/v2\/media\/21961"}],"wp:attachment":[{"href":"https:\/\/sertv.gob.pa\/nacionalfm\/wp-json\/wp\/v2\/media?parent=21960"}],"wp:term":[{"taxonomy":"category","embeddable":true,"href":"https:\/\/sertv.gob.pa\/nacionalfm\/wp-json\/wp\/v2\/categories?post=21960"},{"taxonomy":"post_tag","embeddable":true,"href":"https:\/\/sertv.gob.pa\/nacionalfm\/wp-json\/wp\/v2\/tags?post=21960"}],"curies":[{"name":"wp","href":"https:\/\/api.w.org\/{rel}","templated":true}]}}