{"id":21964,"date":"2017-07-17T20:10:33","date_gmt":"2017-07-17T20:10:33","guid":{"rendered":""},"modified":"2017-07-17T20:10:33","modified_gmt":"2017-07-17T20:10:33","slug":"plaza-inicia-torneode-apertura-2017-con-goleada-ante-el-chorrillo-fc","status":"publish","type":"post","link":"https:\/\/sertv.gob.pa\/nacionalfm\/plaza-inicia-torneode-apertura-2017-con-goleada-ante-el-chorrillo-fc\/","title":{"rendered":"Plaza inicia Torneode Apertura 2017 con goleada ante el Chorrillo FC"},"content":{"rendered":"<p>\n En Torneo de Apertura 2017, el Plaza Amador inici\u00f3 con una goleada de 3-0 ante el Chorrillo FC en el &ldquo;Derbi del Pueblo.  <\/p>\n<p> Los goles fueron anotados por Elkin Palacios al minuto 22, a los 26 minutos enterr\u00f3 el bal\u00f3n en las redes Richard Rodr\u00edguez y al minuto 90 concluy\u00f3 Edgar Aparicio quien aprovecha un error defensivo del Chorrillo.  <\/p>\n<p> En otros partidos el Alianza FC venci\u00f3 1-3 al Sporting San Miguelito, El Tauro FC y el reci\u00e9n ascendido CAI, empataron a un gol, el Deportivo \u00c1rabe Unido de Col\u00f3n se llev\u00f3 una victoria 2-0 sobre el San Francisco de la Chorrera.  <\/p>\n<p> El Atl\u00e9tico Verag\u00fcense venci\u00f3 2-1 a el Santa Gema.  <\/p>\n<p> \u00a0  <\/p>\n","protected":false},"excerpt":{"rendered":"<p>En Torneo de Apertura 2017, el Plaza Amador inici\u00f3 con <a href=\"https:\/\/sertv.gob.pa\/nacionalfm\/plaza-inicia-torneode-apertura-2017-con-goleada-ante-el-chorrillo-fc\/\"> [&#8230;]<\/a><\/p>\n","protected":false},"author":1,"featured_media":21965,"comment_status":"closed","ping_status":"closed","sticky":false,"template":"","format":"standard","meta":{"footnotes":""},"categories":[4],"tags":[],"class_list":["post-21964","post","type-post","status-publish","format-standard","has-post-thumbnail","hentry","category-deportes"],"_links":{"self":[{"href":"https:\/\/sertv.gob.pa\/nacionalfm\/wp-json\/wp\/v2\/posts\/21964","targetHints":{"allow":["GET"]}}],"collection":[{"href":"https:\/\/sertv.gob.pa\/nacionalfm\/wp-json\/wp\/v2\/posts"}],"about":[{"href":"https:\/\/sertv.gob.pa\/nacionalfm\/wp-json\/wp\/v2\/types\/post"}],"author":[{"embeddable":true,"href":"https:\/\/sertv.gob.pa\/nacionalfm\/wp-json\/wp\/v2\/users\/1"}],"replies":[{"embeddable":true,"href":"https:\/\/sertv.gob.pa\/nacionalfm\/wp-json\/wp\/v2\/comments?post=21964"}],"version-history":[{"count":0,"href":"https:\/\/sertv.gob.pa\/nacionalfm\/wp-json\/wp\/v2\/posts\/21964\/revisions"}],"wp:featuredmedia":[{"embeddable":true,"href":"https:\/\/sertv.gob.pa\/nacionalfm\/wp-json\/wp\/v2\/media\/21965"}],"wp:attachment":[{"href":"https:\/\/sertv.gob.pa\/nacionalfm\/wp-json\/wp\/v2\/media?parent=21964"}],"wp:term":[{"taxonomy":"category","embeddable":true,"href":"https:\/\/sertv.gob.pa\/nacionalfm\/wp-json\/wp\/v2\/categories?post=21964"},{"taxonomy":"post_tag","embeddable":true,"href":"https:\/\/sertv.gob.pa\/nacionalfm\/wp-json\/wp\/v2\/tags?post=21964"}],"curies":[{"name":"wp","href":"https:\/\/api.w.org\/{rel}","templated":true}]}}