{"id":21966,"date":"2017-07-17T20:37:29","date_gmt":"2017-07-17T20:37:29","guid":{"rendered":""},"modified":"2017-07-17T20:37:29","modified_gmt":"2017-07-17T20:37:29","slug":"el-turbo-cosio-pierde-por-k-o-en-espana","status":"publish","type":"post","link":"https:\/\/sertv.gob.pa\/nacionalfm\/el-turbo-cosio-pierde-por-k-o-en-espana\/","title":{"rendered":"\u201cEl Turbo\u201d Cosio pierde por K.O. en Espa\u00f1a"},"content":{"rendered":"<p>\nEl peso welter paname\u00f1o Azael &ldquo;El Turbo&rdquo; Cosio perdi\u00f3 por K.O.T. en tres asaltos ante el invicto y campe\u00f3n Internacional de la Asociaci\u00f3n Mundial de Boxeo y quinto peso welter del organismo, el espa\u00f1ol Kerman Lejarraga. <\/p>\n<p>El p\u00fagil espa\u00f1ol mejor\u00f3 su r\u00e9cord en 23 victorias sin derrotas con 19 definidas por K.O. en tanto que Azael Cosio quien lleva 3 derrotas consecutivas y todas por la v\u00eda r\u00e1pida dej\u00f3 caer su palmar\u00e9s en 20 victorias con 6 derrotas, 2 empates y 17 ganadas antes del l\u00edmite. <\/p>\n<p>\u00a0 <\/p>\n","protected":false},"excerpt":{"rendered":"<p>El peso welter paname\u00f1o Azael &ldquo;El Turbo&rdquo; Cosio perdi\u00f3 por <a href=\"https:\/\/sertv.gob.pa\/nacionalfm\/el-turbo-cosio-pierde-por-k-o-en-espana\/\"> [&#8230;]<\/a><\/p>\n","protected":false},"author":1,"featured_media":21967,"comment_status":"closed","ping_status":"closed","sticky":false,"template":"","format":"standard","meta":{"footnotes":""},"categories":[4],"tags":[],"class_list":["post-21966","post","type-post","status-publish","format-standard","has-post-thumbnail","hentry","category-deportes"],"_links":{"self":[{"href":"https:\/\/sertv.gob.pa\/nacionalfm\/wp-json\/wp\/v2\/posts\/21966","targetHints":{"allow":["GET"]}}],"collection":[{"href":"https:\/\/sertv.gob.pa\/nacionalfm\/wp-json\/wp\/v2\/posts"}],"about":[{"href":"https:\/\/sertv.gob.pa\/nacionalfm\/wp-json\/wp\/v2\/types\/post"}],"author":[{"embeddable":true,"href":"https:\/\/sertv.gob.pa\/nacionalfm\/wp-json\/wp\/v2\/users\/1"}],"replies":[{"embeddable":true,"href":"https:\/\/sertv.gob.pa\/nacionalfm\/wp-json\/wp\/v2\/comments?post=21966"}],"version-history":[{"count":0,"href":"https:\/\/sertv.gob.pa\/nacionalfm\/wp-json\/wp\/v2\/posts\/21966\/revisions"}],"wp:featuredmedia":[{"embeddable":true,"href":"https:\/\/sertv.gob.pa\/nacionalfm\/wp-json\/wp\/v2\/media\/21967"}],"wp:attachment":[{"href":"https:\/\/sertv.gob.pa\/nacionalfm\/wp-json\/wp\/v2\/media?parent=21966"}],"wp:term":[{"taxonomy":"category","embeddable":true,"href":"https:\/\/sertv.gob.pa\/nacionalfm\/wp-json\/wp\/v2\/categories?post=21966"},{"taxonomy":"post_tag","embeddable":true,"href":"https:\/\/sertv.gob.pa\/nacionalfm\/wp-json\/wp\/v2\/tags?post=21966"}],"curies":[{"name":"wp","href":"https:\/\/api.w.org\/{rel}","templated":true}]}}