{"id":21968,"date":"2017-07-17T20:58:42","date_gmt":"2017-07-17T20:58:42","guid":{"rendered":""},"modified":"2017-07-17T20:58:42","modified_gmt":"2017-07-17T20:58:42","slug":"saladino-postulado-a-presidir-comite-organizador-de-jca-y-del-caribe","status":"publish","type":"post","link":"https:\/\/sertv.gob.pa\/nacionalfm\/saladino-postulado-a-presidir-comite-organizador-de-jca-y-del-caribe\/","title":{"rendered":"Saladino postulado a presidir Comit\u00e9 Organizador de JCA y del Caribe"},"content":{"rendered":"<p>\nEl medallista de oro Ol\u00edmpico Irving Saladino est\u00e1 entre los postulados a presidir el Comit\u00e9 Organizador de los XXIV Juegos Centroamericanos y del Caribe, Panam\u00e1 2022. <\/p>\n<p>Dichas bases y lineamientos establecen un proceso de cuatro fases para la escogencia del Presidente de PANAM\u00c1 2022, una primera fase que culmin\u00f3 el pasado viernes 14 de Julio y en donde todos los aspirantes a presidir el Comit\u00e9 Organizador de PANAM\u00c1 2022 deb\u00edan enviar entre otros documentos su respectiva hoja de vida y escrito de motivaci\u00f3n para presidir el Comit\u00e9 Organizador. <\/p>\n<p>La segunda fase del proceso, implica el \u00a0an\u00e1lisis exhaustivo por parte de la Junta Directiva del Comit\u00e9 Organizador \u00a0de los XXIV Juegos Centroamericanos y del Caribe PANAM\u00c1 2022 de \u00a0toda la documentaci\u00f3n presentada por los postulantes, debiendo decidir los 3 postulantes a entrevistar en la tercera fase del proceso y finalmente la cuarta y \u00faltima fase que implica el proceso de escogencia y posterior formalizaci\u00f3n de la misma. <\/p>\n<p>Culminada esta primera fase del proceso, se recibieron las postulaciones de las siguientes \u00a0personas, a saber: Saul Saucedo, Alexander Aguilar, Eric Holland, Henry Pozo, Irving Saladino y Surse Pierpoint. <\/p>\n<p>Conforme las bases y lineamientos aprobados por la Junta Directiva de PANAM\u00c1 2022, la totalidad del proceso de escogencia del pr\u00f3ximo Presidente (a) del Comit\u00e9 Organizador \u00a0de los XXIV Juegos Centroamericanos y del Caribe PANAM\u00c1 2022 est\u00e1 previsto culminar a m\u00e1s tardar el pr\u00f3ximo 31 de Agosto del a\u00f1o en curso. <\/p>\n<p>\u00a0 <\/p>\n<p>\u00a0 <\/p>\n<p>\u00a0 <\/p>\n","protected":false},"excerpt":{"rendered":"<p>El medallista de oro Ol\u00edmpico Irving Saladino est\u00e1 entre los <a href=\"https:\/\/sertv.gob.pa\/nacionalfm\/saladino-postulado-a-presidir-comite-organizador-de-jca-y-del-caribe\/\"> [&#8230;]<\/a><\/p>\n","protected":false},"author":1,"featured_media":21969,"comment_status":"closed","ping_status":"closed","sticky":false,"template":"","format":"standard","meta":{"footnotes":""},"categories":[4],"tags":[],"class_list":["post-21968","post","type-post","status-publish","format-standard","has-post-thumbnail","hentry","category-deportes"],"_links":{"self":[{"href":"https:\/\/sertv.gob.pa\/nacionalfm\/wp-json\/wp\/v2\/posts\/21968","targetHints":{"allow":["GET"]}}],"collection":[{"href":"https:\/\/sertv.gob.pa\/nacionalfm\/wp-json\/wp\/v2\/posts"}],"about":[{"href":"https:\/\/sertv.gob.pa\/nacionalfm\/wp-json\/wp\/v2\/types\/post"}],"author":[{"embeddable":true,"href":"https:\/\/sertv.gob.pa\/nacionalfm\/wp-json\/wp\/v2\/users\/1"}],"replies":[{"embeddable":true,"href":"https:\/\/sertv.gob.pa\/nacionalfm\/wp-json\/wp\/v2\/comments?post=21968"}],"version-history":[{"count":0,"href":"https:\/\/sertv.gob.pa\/nacionalfm\/wp-json\/wp\/v2\/posts\/21968\/revisions"}],"wp:featuredmedia":[{"embeddable":true,"href":"https:\/\/sertv.gob.pa\/nacionalfm\/wp-json\/wp\/v2\/media\/21969"}],"wp:attachment":[{"href":"https:\/\/sertv.gob.pa\/nacionalfm\/wp-json\/wp\/v2\/media?parent=21968"}],"wp:term":[{"taxonomy":"category","embeddable":true,"href":"https:\/\/sertv.gob.pa\/nacionalfm\/wp-json\/wp\/v2\/categories?post=21968"},{"taxonomy":"post_tag","embeddable":true,"href":"https:\/\/sertv.gob.pa\/nacionalfm\/wp-json\/wp\/v2\/tags?post=21968"}],"curies":[{"name":"wp","href":"https:\/\/api.w.org\/{rel}","templated":true}]}}