{"id":2198,"date":"2014-10-21T05:00:00","date_gmt":"2014-10-21T05:00:00","guid":{"rendered":""},"modified":"2014-10-21T05:00:00","modified_gmt":"2014-10-21T05:00:00","slug":"cubanos-viajaran-a-africa-para-ayudar-con-el-ebola","status":"publish","type":"post","link":"https:\/\/sertv.gob.pa\/nacionalfm\/cubanos-viajaran-a-africa-para-ayudar-con-el-ebola\/","title":{"rendered":"Cubanos viajar\u00e1n a \u00c1frica para ayudar con el \u00e9bola"},"content":{"rendered":"<p>\nLa segunda brigada de 91 sanitarios cubanos que hoy partir\u00e1n a \u00c1frica Occidental para ayudar a combatir el \u00e9bola incluye 39 m\u00e9dicos y 48 enfermeros, en un grupo donde el 67% de sus integrantes tiene menos de 50 a\u00f1os, informaron medios oficiales. <\/p>\n<p>El diario Granma ratific\u00f3 hoy que 53 de esos colaboradores viajar\u00e1n a Liberia y 38 lo har\u00e1n a Guinea Conakry, aunque la isla todav\u00eda no ha confirmado oficialmente el momento de su salida rumbo a esos pa\u00edses de \u00c1frica Occidental, entre los m\u00e1s afectados por el \u00e9bola. <\/p>\n<p>El presidente cubano, Ra\u00fal Castro, anunci\u00f3 ayer que la nueva delegaci\u00f3n viajar\u00eda este martes a \u00c1frica, despu\u00e9s de que a inicios de mes su gobierno enviara una primera avanzada de 165 sanitarios a Sierra Leona para luchar contra el \u00e9bola. <\/p>\n<p>El anuncio de Castro tuvo lugar durante la Cumbre Extraordinaria sobre el \u00e9bola de la Alianza Bolivariana de los Pueblos de Am\u00e9rica (ALBA), que reuni\u00f3 en La Habana a mandatarios y autoridades del bloque, as\u00ed como a representantes de la ONU y la Organizaci\u00f3n Panamericana de la Salud (OPS). <\/p>\n<p>\u00a0 <\/p>\n","protected":false},"excerpt":{"rendered":"<p>La segunda brigada de 91 sanitarios cubanos que hoy partir\u00e1n <a href=\"https:\/\/sertv.gob.pa\/nacionalfm\/cubanos-viajaran-a-africa-para-ayudar-con-el-ebola\/\"> [&#8230;]<\/a><\/p>\n","protected":false},"author":1,"featured_media":2199,"comment_status":"closed","ping_status":"closed","sticky":false,"template":"","format":"standard","meta":{"footnotes":""},"categories":[5],"tags":[],"class_list":["post-2198","post","type-post","status-publish","format-standard","has-post-thumbnail","hentry","category-salud"],"_links":{"self":[{"href":"https:\/\/sertv.gob.pa\/nacionalfm\/wp-json\/wp\/v2\/posts\/2198","targetHints":{"allow":["GET"]}}],"collection":[{"href":"https:\/\/sertv.gob.pa\/nacionalfm\/wp-json\/wp\/v2\/posts"}],"about":[{"href":"https:\/\/sertv.gob.pa\/nacionalfm\/wp-json\/wp\/v2\/types\/post"}],"author":[{"embeddable":true,"href":"https:\/\/sertv.gob.pa\/nacionalfm\/wp-json\/wp\/v2\/users\/1"}],"replies":[{"embeddable":true,"href":"https:\/\/sertv.gob.pa\/nacionalfm\/wp-json\/wp\/v2\/comments?post=2198"}],"version-history":[{"count":0,"href":"https:\/\/sertv.gob.pa\/nacionalfm\/wp-json\/wp\/v2\/posts\/2198\/revisions"}],"wp:featuredmedia":[{"embeddable":true,"href":"https:\/\/sertv.gob.pa\/nacionalfm\/wp-json\/wp\/v2\/media\/2199"}],"wp:attachment":[{"href":"https:\/\/sertv.gob.pa\/nacionalfm\/wp-json\/wp\/v2\/media?parent=2198"}],"wp:term":[{"taxonomy":"category","embeddable":true,"href":"https:\/\/sertv.gob.pa\/nacionalfm\/wp-json\/wp\/v2\/categories?post=2198"},{"taxonomy":"post_tag","embeddable":true,"href":"https:\/\/sertv.gob.pa\/nacionalfm\/wp-json\/wp\/v2\/tags?post=2198"}],"curies":[{"name":"wp","href":"https:\/\/api.w.org\/{rel}","templated":true}]}}