{"id":21996,"date":"2017-07-18T18:25:09","date_gmt":"2017-07-18T18:25:09","guid":{"rendered":""},"modified":"2017-07-18T18:25:09","modified_gmt":"2017-07-18T18:25:09","slug":"club-kiwanis-anuncia-carrera-caminata-para-el-domingo-30-de-julio","status":"publish","type":"post","link":"https:\/\/sertv.gob.pa\/nacionalfm\/club-kiwanis-anuncia-carrera-caminata-para-el-domingo-30-de-julio\/","title":{"rendered":"Club Kiwanis anuncia Carrera Caminata para el domingo 30 de julio"},"content":{"rendered":"<p>\nEn horas de la ma\u00f1ana de hoy se hizo el lanzamiento en conferencia de prensa para la Carrera Caminata Kiwanis KFC en su XXXIII edici\u00f3n, que se verificar\u00e1 el pr\u00f3ximo domingo 30 de julio, que tendr\u00e1 como punto de partida el \u00e1rea de Town Center de Costa del Este. <\/p>\n<p>En la conferencia de prensa estuvieron presentes el presidente del Club Kiwanis de Panam\u00e1, Juan Carlos Barrios, Juan Carlos Vaquero del Club Kiwanis, Bielzi Berguido de Gerente de mercadeo de Franquicias Paname\u00f1as, el miembro del Club y del Comit\u00e9 Organizador de la Carrera Osvaldo Espino y el presidente del Club Corredores del Istmo Gregorio &ldquo;Beby&rdquo; Mir\u00f3. <\/p>\n<p>El Club Kiwanis de Panam\u00e1 junto con los patrocinadores del evento, tendr\u00e1 el &ldquo;Reto Kiwanis&rdquo; que consiste en premiar al equipo de corredores con m\u00e1s integrantes que complete los 5k y 10k. En las redes sociales se estar\u00e1 anunciando la din\u00e1mica de este reto, seg\u00fan manifest\u00f3 Osvaldo Espino del Comit\u00e9 Organizador de la Carrera. <\/p>\n<p>Los fondos recaudados en la carrera se destinar\u00e1n al proyecto Semillero de Corredores, conocidos como &ldquo;Los Gladiadores&rdquo;, que inici\u00f3 el Clu Kiwanis de Panam\u00e1 en 2014 y que consta de 70 ni\u00f1os entre 5 y 17 a\u00f1os, los cuales reciben soporte econ\u00f3mico de parte del club para que puedan continuar sus entrenamientos y al fortalecimiento los diferentes proyectos, que el Club Kiwanis mantiene activos durante todo el a\u00f1o enfocados en el \u00e1rea de la educaci\u00f3n, cultura salud y deporte. <\/p>\n<p>\u00a0 \u00a0 \u00a0 \u00a0 \u00a0 \u00a0 \u00a0 \u00a0 \u00a0 \u00a0 \u00a0 \u00a0 \u00a0 \u00a0 \u00a0 \u00a0 \u00a0 \u00a0 \u00a0 \u00a0 \u00a0 \u00a0 \u00a0 \u00a0 \u00a0 \u00a0 \u00a0 \u00a0 \u00a0 \u00a0 \u00a0 \u00a0 \u00a0 \u00a0 \u00a0 \u00a0 \u00a0 \u00a0 \u00a0 \u00a0 \u00a0 \u00a0 \u00a0 \u00a0 \u00a0 \u00a0 \u00a0 \u00a0 <\/p>\n","protected":false},"excerpt":{"rendered":"<p>En horas de la ma\u00f1ana de hoy se hizo el <a href=\"https:\/\/sertv.gob.pa\/nacionalfm\/club-kiwanis-anuncia-carrera-caminata-para-el-domingo-30-de-julio\/\"> [&#8230;]<\/a><\/p>\n","protected":false},"author":1,"featured_media":21997,"comment_status":"closed","ping_status":"closed","sticky":false,"template":"","format":"standard","meta":{"footnotes":""},"categories":[4],"tags":[],"class_list":["post-21996","post","type-post","status-publish","format-standard","has-post-thumbnail","hentry","category-deportes"],"_links":{"self":[{"href":"https:\/\/sertv.gob.pa\/nacionalfm\/wp-json\/wp\/v2\/posts\/21996","targetHints":{"allow":["GET"]}}],"collection":[{"href":"https:\/\/sertv.gob.pa\/nacionalfm\/wp-json\/wp\/v2\/posts"}],"about":[{"href":"https:\/\/sertv.gob.pa\/nacionalfm\/wp-json\/wp\/v2\/types\/post"}],"author":[{"embeddable":true,"href":"https:\/\/sertv.gob.pa\/nacionalfm\/wp-json\/wp\/v2\/users\/1"}],"replies":[{"embeddable":true,"href":"https:\/\/sertv.gob.pa\/nacionalfm\/wp-json\/wp\/v2\/comments?post=21996"}],"version-history":[{"count":0,"href":"https:\/\/sertv.gob.pa\/nacionalfm\/wp-json\/wp\/v2\/posts\/21996\/revisions"}],"wp:featuredmedia":[{"embeddable":true,"href":"https:\/\/sertv.gob.pa\/nacionalfm\/wp-json\/wp\/v2\/media\/21997"}],"wp:attachment":[{"href":"https:\/\/sertv.gob.pa\/nacionalfm\/wp-json\/wp\/v2\/media?parent=21996"}],"wp:term":[{"taxonomy":"category","embeddable":true,"href":"https:\/\/sertv.gob.pa\/nacionalfm\/wp-json\/wp\/v2\/categories?post=21996"},{"taxonomy":"post_tag","embeddable":true,"href":"https:\/\/sertv.gob.pa\/nacionalfm\/wp-json\/wp\/v2\/tags?post=21996"}],"curies":[{"name":"wp","href":"https:\/\/api.w.org\/{rel}","templated":true}]}}