{"id":2200,"date":"2014-10-21T05:00:00","date_gmt":"2014-10-21T05:00:00","guid":{"rendered":""},"modified":"2014-10-21T05:00:00","modified_gmt":"2014-10-21T05:00:00","slug":"paralitico-vuelve-a-caminar-luego-de-revolucionario-trasplante","status":"publish","type":"post","link":"https:\/\/sertv.gob.pa\/nacionalfm\/paralitico-vuelve-a-caminar-luego-de-revolucionario-trasplante\/","title":{"rendered":"Paral\u00edtico vuelve a caminar luego de revolucionario trasplante"},"content":{"rendered":"<p>\nUn hombre que padec\u00eda de par\u00e1lisis pudo volver a caminar luego\u00a0 de someterse a una terapia pionera de trasplante de c\u00e9lulas de su cavidad nasal a la m\u00e9dula espinal. <\/p>\n<p>Darek Fidyka, quien qued\u00f3 paralizado desde el pecho hacia abajo tras ser apu\u00f1alado repetidas veces en la espalda en un ataque que sucedi\u00f3 en 2010, puede ahora caminar vali\u00e9ndose de un soporte. <\/p>\n<p>El corresponsal m\u00e9dico de la BBC, Fergus Walsh, explica que el pionero tratamiento fue efectuado por cirujanos en Polonia en colaboraci\u00f3n con cient\u00edficos de Londres, Reino Unido. <\/p>\n<p>Los detalles de la investigaci\u00f3n se publicaron en la revista Cell Transplantation. <\/p>\n<p>\u00a0 <\/p>\n","protected":false},"excerpt":{"rendered":"<p>Un hombre que padec\u00eda de par\u00e1lisis pudo volver a caminar <a href=\"https:\/\/sertv.gob.pa\/nacionalfm\/paralitico-vuelve-a-caminar-luego-de-revolucionario-trasplante\/\"> [&#8230;]<\/a><\/p>\n","protected":false},"author":1,"featured_media":2201,"comment_status":"closed","ping_status":"closed","sticky":false,"template":"","format":"standard","meta":{"footnotes":""},"categories":[5],"tags":[],"class_list":["post-2200","post","type-post","status-publish","format-standard","has-post-thumbnail","hentry","category-salud"],"_links":{"self":[{"href":"https:\/\/sertv.gob.pa\/nacionalfm\/wp-json\/wp\/v2\/posts\/2200","targetHints":{"allow":["GET"]}}],"collection":[{"href":"https:\/\/sertv.gob.pa\/nacionalfm\/wp-json\/wp\/v2\/posts"}],"about":[{"href":"https:\/\/sertv.gob.pa\/nacionalfm\/wp-json\/wp\/v2\/types\/post"}],"author":[{"embeddable":true,"href":"https:\/\/sertv.gob.pa\/nacionalfm\/wp-json\/wp\/v2\/users\/1"}],"replies":[{"embeddable":true,"href":"https:\/\/sertv.gob.pa\/nacionalfm\/wp-json\/wp\/v2\/comments?post=2200"}],"version-history":[{"count":0,"href":"https:\/\/sertv.gob.pa\/nacionalfm\/wp-json\/wp\/v2\/posts\/2200\/revisions"}],"wp:featuredmedia":[{"embeddable":true,"href":"https:\/\/sertv.gob.pa\/nacionalfm\/wp-json\/wp\/v2\/media\/2201"}],"wp:attachment":[{"href":"https:\/\/sertv.gob.pa\/nacionalfm\/wp-json\/wp\/v2\/media?parent=2200"}],"wp:term":[{"taxonomy":"category","embeddable":true,"href":"https:\/\/sertv.gob.pa\/nacionalfm\/wp-json\/wp\/v2\/categories?post=2200"},{"taxonomy":"post_tag","embeddable":true,"href":"https:\/\/sertv.gob.pa\/nacionalfm\/wp-json\/wp\/v2\/tags?post=2200"}],"curies":[{"name":"wp","href":"https:\/\/api.w.org\/{rel}","templated":true}]}}