{"id":22002,"date":"2017-07-18T19:09:27","date_gmt":"2017-07-18T19:09:27","guid":{"rendered":""},"modified":"2017-07-18T19:09:27","modified_gmt":"2017-07-18T19:09:27","slug":"edgar-valencia-se-mide-al-chiricano-israel-hidrogo","status":"publish","type":"post","link":"https:\/\/sertv.gob.pa\/nacionalfm\/edgar-valencia-se-mide-al-chiricano-israel-hidrogo\/","title":{"rendered":"Edgar Valencia se mide al chiricano Israel Hidrogo"},"content":{"rendered":"<p>\nEl chiricano Israel Hidrogo y el darienita Edgar Valencia chocar\u00e1n en interesante encuentro el pr\u00f3ximo 11 de agosto en el Club \u00c1rabe de col\u00f3n, en la cartelera &ldquo;C3 Bajo Fuego&rdquo;, que tiene como pelea estelar la del colonense Omir &ldquo;El Hijo de Dios&rdquo; Rodr\u00edguez y el venezolano Adri\u00e1n P\u00e9rez en disputa del t\u00edtulo FEDECARIBE de los pesos welter de la Asociaci\u00f3n Mundial de Boxeo. <\/p>\n<p>Edgar Valencia viene de derrotar en su \u00faltimo combate por decisi\u00f3n un\u00e1nime al ex campe\u00f3n mundial venezolano Jean Piero P\u00e9rez, mientras que Israel Hidrogo viene de doblegar al colombiano Wilner Soto. <\/p>\n<p>Valencia e Hidrogo tienen varios rivales en com\u00fan entre ellos el dominicano radicado en Panam\u00e1 Jonathan &ldquo;El Agua&rdquo; Arias, F\u00e9lix Montenegro y Julio &ldquo;El Kikirikikiri&rdquo; Escudero. <\/p>\n<p>Valencia e Hidrogo chocar\u00e1n en 6 asaltos y 118 libras en un combate que promete ser candela pura desde que suene la campana. <\/p>\n<p>\u00a0 <\/p>\n","protected":false},"excerpt":{"rendered":"<p>El chiricano Israel Hidrogo y el darienita Edgar Valencia chocar\u00e1n <a href=\"https:\/\/sertv.gob.pa\/nacionalfm\/edgar-valencia-se-mide-al-chiricano-israel-hidrogo\/\"> [&#8230;]<\/a><\/p>\n","protected":false},"author":1,"featured_media":22003,"comment_status":"closed","ping_status":"closed","sticky":false,"template":"","format":"standard","meta":{"footnotes":""},"categories":[4],"tags":[],"class_list":["post-22002","post","type-post","status-publish","format-standard","has-post-thumbnail","hentry","category-deportes"],"_links":{"self":[{"href":"https:\/\/sertv.gob.pa\/nacionalfm\/wp-json\/wp\/v2\/posts\/22002","targetHints":{"allow":["GET"]}}],"collection":[{"href":"https:\/\/sertv.gob.pa\/nacionalfm\/wp-json\/wp\/v2\/posts"}],"about":[{"href":"https:\/\/sertv.gob.pa\/nacionalfm\/wp-json\/wp\/v2\/types\/post"}],"author":[{"embeddable":true,"href":"https:\/\/sertv.gob.pa\/nacionalfm\/wp-json\/wp\/v2\/users\/1"}],"replies":[{"embeddable":true,"href":"https:\/\/sertv.gob.pa\/nacionalfm\/wp-json\/wp\/v2\/comments?post=22002"}],"version-history":[{"count":0,"href":"https:\/\/sertv.gob.pa\/nacionalfm\/wp-json\/wp\/v2\/posts\/22002\/revisions"}],"wp:featuredmedia":[{"embeddable":true,"href":"https:\/\/sertv.gob.pa\/nacionalfm\/wp-json\/wp\/v2\/media\/22003"}],"wp:attachment":[{"href":"https:\/\/sertv.gob.pa\/nacionalfm\/wp-json\/wp\/v2\/media?parent=22002"}],"wp:term":[{"taxonomy":"category","embeddable":true,"href":"https:\/\/sertv.gob.pa\/nacionalfm\/wp-json\/wp\/v2\/categories?post=22002"},{"taxonomy":"post_tag","embeddable":true,"href":"https:\/\/sertv.gob.pa\/nacionalfm\/wp-json\/wp\/v2\/tags?post=22002"}],"curies":[{"name":"wp","href":"https:\/\/api.w.org\/{rel}","templated":true}]}}