{"id":22006,"date":"2017-07-18T20:22:35","date_gmt":"2017-07-18T20:22:35","guid":{"rendered":""},"modified":"2017-07-18T20:22:35","modified_gmt":"2017-07-18T20:22:35","slug":"presidente-sulaiman-obsequia-cinturon-simbolico-del-cmb-a-leroy-estrada","status":"publish","type":"post","link":"https:\/\/sertv.gob.pa\/nacionalfm\/presidente-sulaiman-obsequia-cinturon-simbolico-del-cmb-a-leroy-estrada\/","title":{"rendered":"Presidente Sulaiman obsequia cintur\u00f3n simb\u00f3lico del CMB a Leroy Estrada"},"content":{"rendered":"<p>\nDentro del Foro de Deportes, &ldquo;Cambiando Vidas a Trav\u00e9s del Deporte&rdquo; de la Asociaci\u00f3n Paname\u00f1a de Ejecutivos de Empresa, el presidente del Consejo Mundial de Boxeo Mauricio Sulaim\u00e1n obsequi\u00f3 un peque\u00f1o cintur\u00f3n representativo de los campeonatos mundiales del CMB, al campe\u00f3n Latino m\u00ednimo del CMB, el chorrerano, Leroy &ldquo;El Sensacional&rdquo; Estrada. <\/p>\n<p>Leroy Estrada viene de vencer en eliminatoria titular del CMB, al mexicano Sa\u00fal &ldquo;Baby&rdquo; Ju\u00e1rez, por decisi\u00f3n un\u00e1nime de los jueces, t\u00edtulo que est\u00e1 en poder del tailand\u00e9s Wanheng Menayothin. <\/p>\n<p>&ldquo;El Sensacional&rdquo; Estrada es el primer retador al t\u00edtulo m\u00ednimo del CMB, y tiene un palmar\u00e9s de 16 victorias con dos derrotas, 6 definidas por la v\u00eda r\u00e1pida, sus derrotas fueron ante el chiricano Mercedes &ldquo;Chicho&rdquo; Concepci\u00f3n y ante su primo Carlos &ldquo;La Ara\u00f1ita&rdquo; Ortega, con quien disput\u00f3 el t\u00edtulo plata del CMB y perdi\u00f3 por decisi\u00f3n un\u00e1nime de los jueces. <\/p>\n<p>\u00a0 <\/p>\n","protected":false},"excerpt":{"rendered":"<p>Dentro del Foro de Deportes, &ldquo;Cambiando Vidas a Trav\u00e9s del <a href=\"https:\/\/sertv.gob.pa\/nacionalfm\/presidente-sulaiman-obsequia-cinturon-simbolico-del-cmb-a-leroy-estrada\/\"> [&#8230;]<\/a><\/p>\n","protected":false},"author":1,"featured_media":22007,"comment_status":"closed","ping_status":"closed","sticky":false,"template":"","format":"standard","meta":{"footnotes":""},"categories":[4],"tags":[],"class_list":["post-22006","post","type-post","status-publish","format-standard","has-post-thumbnail","hentry","category-deportes"],"_links":{"self":[{"href":"https:\/\/sertv.gob.pa\/nacionalfm\/wp-json\/wp\/v2\/posts\/22006","targetHints":{"allow":["GET"]}}],"collection":[{"href":"https:\/\/sertv.gob.pa\/nacionalfm\/wp-json\/wp\/v2\/posts"}],"about":[{"href":"https:\/\/sertv.gob.pa\/nacionalfm\/wp-json\/wp\/v2\/types\/post"}],"author":[{"embeddable":true,"href":"https:\/\/sertv.gob.pa\/nacionalfm\/wp-json\/wp\/v2\/users\/1"}],"replies":[{"embeddable":true,"href":"https:\/\/sertv.gob.pa\/nacionalfm\/wp-json\/wp\/v2\/comments?post=22006"}],"version-history":[{"count":0,"href":"https:\/\/sertv.gob.pa\/nacionalfm\/wp-json\/wp\/v2\/posts\/22006\/revisions"}],"wp:featuredmedia":[{"embeddable":true,"href":"https:\/\/sertv.gob.pa\/nacionalfm\/wp-json\/wp\/v2\/media\/22007"}],"wp:attachment":[{"href":"https:\/\/sertv.gob.pa\/nacionalfm\/wp-json\/wp\/v2\/media?parent=22006"}],"wp:term":[{"taxonomy":"category","embeddable":true,"href":"https:\/\/sertv.gob.pa\/nacionalfm\/wp-json\/wp\/v2\/categories?post=22006"},{"taxonomy":"post_tag","embeddable":true,"href":"https:\/\/sertv.gob.pa\/nacionalfm\/wp-json\/wp\/v2\/tags?post=22006"}],"curies":[{"name":"wp","href":"https:\/\/api.w.org\/{rel}","templated":true}]}}