{"id":22008,"date":"2017-07-18T20:38:11","date_gmt":"2017-07-18T20:38:11","guid":{"rendered":""},"modified":"2017-07-18T20:38:11","modified_gmt":"2017-07-18T20:38:11","slug":"julio-anaya-nominado-para-participar-como-arbitro-en-americup-argentina","status":"publish","type":"post","link":"https:\/\/sertv.gob.pa\/nacionalfm\/julio-anaya-nominado-para-participar-como-arbitro-en-americup-argentina\/","title":{"rendered":"Julio Anaya nominado para participar como \u00e1rbitro en AmeriCup, Argentina"},"content":{"rendered":"<p>\nUno de los dos \u00fanicos \u00e1rbitros FIBA con el que cuenta Panam\u00e1, Julio Anaya Freile, fue nominado para participar en la competencia de talla internacional, AmeriCup, el torneo m\u00e1s importante del continente americano. <\/p>\n<p>El destacado \u00e1rbitro paname\u00f1o actuar\u00e1 en el Grupo B con sede en Bah\u00eda Blanca, Argentina.\u00a0 El mismo se pondr\u00e1 en marcha del 27 al 29 de agosto pr\u00f3ximo y tendr\u00e1 como protagonistas a Islas V\u00edrgenes, Venezuela y Argentina. <\/p>\n<p>\u00a0 <\/p>\n<p>\u00a0 <\/p>\n","protected":false},"excerpt":{"rendered":"<p>Uno de los dos \u00fanicos \u00e1rbitros FIBA con el que <a href=\"https:\/\/sertv.gob.pa\/nacionalfm\/julio-anaya-nominado-para-participar-como-arbitro-en-americup-argentina\/\"> [&#8230;]<\/a><\/p>\n","protected":false},"author":1,"featured_media":22009,"comment_status":"closed","ping_status":"closed","sticky":false,"template":"","format":"standard","meta":{"footnotes":""},"categories":[4],"tags":[],"class_list":["post-22008","post","type-post","status-publish","format-standard","has-post-thumbnail","hentry","category-deportes"],"_links":{"self":[{"href":"https:\/\/sertv.gob.pa\/nacionalfm\/wp-json\/wp\/v2\/posts\/22008","targetHints":{"allow":["GET"]}}],"collection":[{"href":"https:\/\/sertv.gob.pa\/nacionalfm\/wp-json\/wp\/v2\/posts"}],"about":[{"href":"https:\/\/sertv.gob.pa\/nacionalfm\/wp-json\/wp\/v2\/types\/post"}],"author":[{"embeddable":true,"href":"https:\/\/sertv.gob.pa\/nacionalfm\/wp-json\/wp\/v2\/users\/1"}],"replies":[{"embeddable":true,"href":"https:\/\/sertv.gob.pa\/nacionalfm\/wp-json\/wp\/v2\/comments?post=22008"}],"version-history":[{"count":0,"href":"https:\/\/sertv.gob.pa\/nacionalfm\/wp-json\/wp\/v2\/posts\/22008\/revisions"}],"wp:featuredmedia":[{"embeddable":true,"href":"https:\/\/sertv.gob.pa\/nacionalfm\/wp-json\/wp\/v2\/media\/22009"}],"wp:attachment":[{"href":"https:\/\/sertv.gob.pa\/nacionalfm\/wp-json\/wp\/v2\/media?parent=22008"}],"wp:term":[{"taxonomy":"category","embeddable":true,"href":"https:\/\/sertv.gob.pa\/nacionalfm\/wp-json\/wp\/v2\/categories?post=22008"},{"taxonomy":"post_tag","embeddable":true,"href":"https:\/\/sertv.gob.pa\/nacionalfm\/wp-json\/wp\/v2\/tags?post=22008"}],"curies":[{"name":"wp","href":"https:\/\/api.w.org\/{rel}","templated":true}]}}