{"id":22010,"date":"2017-07-18T20:59:15","date_gmt":"2017-07-18T20:59:15","guid":{"rendered":""},"modified":"2017-07-18T20:59:15","modified_gmt":"2017-07-18T20:59:15","slug":"boxeo-en-todas-las-provincias-mensualmente-celebrando-100-anos-de-la-comibox","status":"publish","type":"post","link":"https:\/\/sertv.gob.pa\/nacionalfm\/boxeo-en-todas-las-provincias-mensualmente-celebrando-100-anos-de-la-comibox\/","title":{"rendered":"Boxeo en todas las provincias celebrando 100 a\u00f1os de la COMIBOX"},"content":{"rendered":"<p>\nRecientemente en el Foro de Deporte, &ldquo;Cambiando Vidas a Trav\u00e9s del Deporte&rdquo;, el vicepresidente del Consejo Mundial de Boxeo Alberto Guerra anunci\u00f3 diversas actividades que se desarrollar\u00e1n a partir del mes de agosto en conmemoraci\u00f3n de los 100 a\u00f1os de existencia de la Comisi\u00f3n de Boxeo Profesional de Panam\u00e1. <\/p>\n<p>Entre estas actividades destaca una cartelera box\u00edstica mensual en diversas provincias de la Rep\u00fablica, a partir del mes de agosto de 2017 y finalizar\u00e1 en el mes de agosto de 2018, entre otras actividades se cuenta con una &ldquo;ExpoBoxeo&rdquo; que se realizar\u00e1 por primera vez en Am\u00e9rica Latina, seminario de jueces y \u00e1rbitros, y se cerrar\u00e1 con una velada box\u00edstica de campeonatos mundiales de diversas organismos que nos acompa\u00f1ar\u00e1n en esta gran celebraci\u00f3n. <\/p>\n","protected":false},"excerpt":{"rendered":"<p>Recientemente en el Foro de Deporte, &ldquo;Cambiando Vidas a Trav\u00e9s <a href=\"https:\/\/sertv.gob.pa\/nacionalfm\/boxeo-en-todas-las-provincias-mensualmente-celebrando-100-anos-de-la-comibox\/\"> [&#8230;]<\/a><\/p>\n","protected":false},"author":1,"featured_media":22011,"comment_status":"closed","ping_status":"closed","sticky":false,"template":"","format":"standard","meta":{"footnotes":""},"categories":[4],"tags":[],"class_list":["post-22010","post","type-post","status-publish","format-standard","has-post-thumbnail","hentry","category-deportes"],"_links":{"self":[{"href":"https:\/\/sertv.gob.pa\/nacionalfm\/wp-json\/wp\/v2\/posts\/22010","targetHints":{"allow":["GET"]}}],"collection":[{"href":"https:\/\/sertv.gob.pa\/nacionalfm\/wp-json\/wp\/v2\/posts"}],"about":[{"href":"https:\/\/sertv.gob.pa\/nacionalfm\/wp-json\/wp\/v2\/types\/post"}],"author":[{"embeddable":true,"href":"https:\/\/sertv.gob.pa\/nacionalfm\/wp-json\/wp\/v2\/users\/1"}],"replies":[{"embeddable":true,"href":"https:\/\/sertv.gob.pa\/nacionalfm\/wp-json\/wp\/v2\/comments?post=22010"}],"version-history":[{"count":0,"href":"https:\/\/sertv.gob.pa\/nacionalfm\/wp-json\/wp\/v2\/posts\/22010\/revisions"}],"wp:featuredmedia":[{"embeddable":true,"href":"https:\/\/sertv.gob.pa\/nacionalfm\/wp-json\/wp\/v2\/media\/22011"}],"wp:attachment":[{"href":"https:\/\/sertv.gob.pa\/nacionalfm\/wp-json\/wp\/v2\/media?parent=22010"}],"wp:term":[{"taxonomy":"category","embeddable":true,"href":"https:\/\/sertv.gob.pa\/nacionalfm\/wp-json\/wp\/v2\/categories?post=22010"},{"taxonomy":"post_tag","embeddable":true,"href":"https:\/\/sertv.gob.pa\/nacionalfm\/wp-json\/wp\/v2\/tags?post=22010"}],"curies":[{"name":"wp","href":"https:\/\/api.w.org\/{rel}","templated":true}]}}