{"id":22030,"date":"2017-07-19T16:22:19","date_gmt":"2017-07-19T16:22:19","guid":{"rendered":""},"modified":"2017-07-19T16:22:19","modified_gmt":"2017-07-19T16:22:19","slug":"todo-listo-para-carrera-sobre-silla-de-ruedas-en-colon-el-domingo","status":"publish","type":"post","link":"https:\/\/sertv.gob.pa\/nacionalfm\/todo-listo-para-carrera-sobre-silla-de-ruedas-en-colon-el-domingo\/","title":{"rendered":"Todo listo para Carrera Sobre Silla de Ruedas en Col\u00f3n el domingo"},"content":{"rendered":"<p>\nEn conferencia de prensa los directivos del Instituto Paname\u00f1o de Deportes, Roberto &ldquo;Bob&rdquo; Arango, de la Loter\u00eda Nacional de Beneficencia Efra\u00edn Miranda, la Subdirectora de la Secretar\u00eda Nacional de Discapacitados Magaly D\u00edaz y la Gobernadora de la provincia de Col\u00f3n, Yenith Campos, y la Asociacip\u00f3n Paname\u00f1a de Deportes Sobre Silla de Ruedas, dieron a conocer los detalles finales para la Carrera Sobre Silla de Ruedas que se efectuar\u00e1 el pr\u00f3ximo domingo 23 de julio en la costa atl\u00e1ntica. <\/p>\n<p>\u00a0 <\/p>\n<p>Todos coincidieron en que todos los participantes de esta carrera son iguales y con las mismas oportunidades de demostrar sus capacidades, pese a sus limitaciones f\u00edsicas. <\/p>\n<p>\u00a0 <\/p>\n<p>Se inform\u00f3 que todo se encuentra preparado para esta competencia, enfatizando en los aspectos de seguridad, hospedaje, alimentaci\u00f3n, hidrataci\u00f3n, garantizando la atenci\u00f3n\u00a0 de los atletas que llegar\u00e1n de Bocas del Toro, Chiriqu\u00ed,\u00a0 Cocl\u00e9, Herrera, Los Santos, Panam\u00e1 Metro y Este, Panam\u00e1 Oeste, Veraguas y el propio Col\u00f3n. <\/p>\n<p>Dentro del cronograma establecido por los organizadores para este jueves se espera la llegada a Col\u00f3n de la antorcha de la carrera, despu\u00e9s de trasladarse desde el pasado 26 de junio por las provincias que intervendr\u00e1n en esta prueba. <\/p>\n<p>Para el viernes se tiene programado el arribo de los participantes y la evaluaci\u00f3n m\u00e9dica y para el s\u00e1bado el inicio de las actividades con una jornada recreativo-cultural, donde se exhibir\u00e1 las muestras aut\u00e9nticas del folclor colonense. <\/p>\n<p>Para el domingo desde las 7 de la ma\u00f1ana se dar\u00e1n las partidas en las cuatro categor\u00edas en que se tiene determinado esta carrera sobre sillas de ruedas con la meta en el Parque de Calle 16 la Cinta Costerita. <\/p>\n<p>Las pruebas se disputar\u00e1n en distancia de 10 kil\u00f3metros para biciciclos que partir\u00e1 desde Sabanitas, la de 5 kil\u00f3metros desde Villa del Caribe para parapl\u00e9jicos de cervical, tor\u00e1cica y lumbar, amputados y polio, la de 1 kil\u00f3metro desde los Cuatro Altos para cuadripl\u00e9jicos asistidos y la de 500 metros para ni\u00f1os. <\/p>\n<p>Los tres primeros lugares de cada categor\u00eda recibir\u00e1n\u00a0 premios en efectivo y los que ocupen del cuarto al d\u00e9cimo puesto otros incentivos econ\u00f3micos. <\/p>\n<p>\u00a0 <\/p>\n<p>\u00a0 <\/p>\n","protected":false},"excerpt":{"rendered":"<p>En conferencia de prensa los directivos del Instituto Paname\u00f1o de <a href=\"https:\/\/sertv.gob.pa\/nacionalfm\/todo-listo-para-carrera-sobre-silla-de-ruedas-en-colon-el-domingo\/\"> [&#8230;]<\/a><\/p>\n","protected":false},"author":1,"featured_media":22031,"comment_status":"closed","ping_status":"closed","sticky":false,"template":"","format":"standard","meta":{"footnotes":""},"categories":[4],"tags":[],"class_list":["post-22030","post","type-post","status-publish","format-standard","has-post-thumbnail","hentry","category-deportes"],"_links":{"self":[{"href":"https:\/\/sertv.gob.pa\/nacionalfm\/wp-json\/wp\/v2\/posts\/22030","targetHints":{"allow":["GET"]}}],"collection":[{"href":"https:\/\/sertv.gob.pa\/nacionalfm\/wp-json\/wp\/v2\/posts"}],"about":[{"href":"https:\/\/sertv.gob.pa\/nacionalfm\/wp-json\/wp\/v2\/types\/post"}],"author":[{"embeddable":true,"href":"https:\/\/sertv.gob.pa\/nacionalfm\/wp-json\/wp\/v2\/users\/1"}],"replies":[{"embeddable":true,"href":"https:\/\/sertv.gob.pa\/nacionalfm\/wp-json\/wp\/v2\/comments?post=22030"}],"version-history":[{"count":0,"href":"https:\/\/sertv.gob.pa\/nacionalfm\/wp-json\/wp\/v2\/posts\/22030\/revisions"}],"wp:featuredmedia":[{"embeddable":true,"href":"https:\/\/sertv.gob.pa\/nacionalfm\/wp-json\/wp\/v2\/media\/22031"}],"wp:attachment":[{"href":"https:\/\/sertv.gob.pa\/nacionalfm\/wp-json\/wp\/v2\/media?parent=22030"}],"wp:term":[{"taxonomy":"category","embeddable":true,"href":"https:\/\/sertv.gob.pa\/nacionalfm\/wp-json\/wp\/v2\/categories?post=22030"},{"taxonomy":"post_tag","embeddable":true,"href":"https:\/\/sertv.gob.pa\/nacionalfm\/wp-json\/wp\/v2\/tags?post=22030"}],"curies":[{"name":"wp","href":"https:\/\/api.w.org\/{rel}","templated":true}]}}