{"id":22034,"date":"2017-07-19T16:38:03","date_gmt":"2017-07-19T16:38:03","guid":{"rendered":""},"modified":"2017-07-19T16:38:03","modified_gmt":"2017-07-19T16:38:03","slug":"costa-rica-pais-con-mas-bajas-en-copa-oro-se-mide-a-panama-hoy","status":"publish","type":"post","link":"https:\/\/sertv.gob.pa\/nacionalfm\/costa-rica-pais-con-mas-bajas-en-copa-oro-se-mide-a-panama-hoy\/","title":{"rendered":"Costa Rica pa\u00eds con m\u00e1s bajas en Copa Oro, se mide a Panam\u00e1 hoy"},"content":{"rendered":"<p>\nPanam\u00e1 enfrenta hoy en la Copa Oro a Costa Rica, que seg\u00fan el diario costarricense &ldquo;La Naci\u00f3n&rdquo;, es de las ocho selecciones que quedan con vida en el torneo, que m\u00e1s da\u00f1ada qued\u00f3 en los cuartos de final. <\/p>\n<p>Las lesiones de Joel Campbell, Bryan Oviedo, Cristian Gamboa y Johan Venegas provocaron una considerable disminuci\u00f3n del potencial de la Mayor en relaci\u00f3n con las armas disponibles de los dem\u00e1s oponentes. <\/p>\n<p>Seg\u00fan el reglamento del torneo, cumplida la etapa de grupos, cada pa\u00eds ten\u00eda derecho a aplicar seis variantes en su n\u00f3mina para enfrentar la fase que comienza este mi\u00e9rcoles.\u00a0 <\/p>\n<p>Cuatro de las ocho selecciones hicieron uso de ese comod\u00edn, mas, ninguna perdi\u00f3 tanto peso como la  Tricolor . Por el contrario, una de ellas se fortaleci\u00f3 al tope: Estados Unidos. <\/p>\n<p>La diferencia entre lo que llamaron Costa Rica y EE. UU. evidenci\u00f3 el desequilibro m\u00e1s notorio del periodo de altas y bajas de la Copa. <\/p>\n<p>Hay que destacar que Panam\u00e1 y Costa Rica se han enfrentado en diversas oportunidades en eliminatorias mundialistas, pero en Copa Oro ser\u00e1 la primera vez que se enfrenten. <\/p>\n<p>\u00a0 <\/p>\n","protected":false},"excerpt":{"rendered":"<p>Panam\u00e1 enfrenta hoy en la Copa Oro a Costa Rica, <a href=\"https:\/\/sertv.gob.pa\/nacionalfm\/costa-rica-pais-con-mas-bajas-en-copa-oro-se-mide-a-panama-hoy\/\"> [&#8230;]<\/a><\/p>\n","protected":false},"author":1,"featured_media":22035,"comment_status":"closed","ping_status":"closed","sticky":false,"template":"","format":"standard","meta":{"footnotes":""},"categories":[4],"tags":[],"class_list":["post-22034","post","type-post","status-publish","format-standard","has-post-thumbnail","hentry","category-deportes"],"_links":{"self":[{"href":"https:\/\/sertv.gob.pa\/nacionalfm\/wp-json\/wp\/v2\/posts\/22034","targetHints":{"allow":["GET"]}}],"collection":[{"href":"https:\/\/sertv.gob.pa\/nacionalfm\/wp-json\/wp\/v2\/posts"}],"about":[{"href":"https:\/\/sertv.gob.pa\/nacionalfm\/wp-json\/wp\/v2\/types\/post"}],"author":[{"embeddable":true,"href":"https:\/\/sertv.gob.pa\/nacionalfm\/wp-json\/wp\/v2\/users\/1"}],"replies":[{"embeddable":true,"href":"https:\/\/sertv.gob.pa\/nacionalfm\/wp-json\/wp\/v2\/comments?post=22034"}],"version-history":[{"count":0,"href":"https:\/\/sertv.gob.pa\/nacionalfm\/wp-json\/wp\/v2\/posts\/22034\/revisions"}],"wp:featuredmedia":[{"embeddable":true,"href":"https:\/\/sertv.gob.pa\/nacionalfm\/wp-json\/wp\/v2\/media\/22035"}],"wp:attachment":[{"href":"https:\/\/sertv.gob.pa\/nacionalfm\/wp-json\/wp\/v2\/media?parent=22034"}],"wp:term":[{"taxonomy":"category","embeddable":true,"href":"https:\/\/sertv.gob.pa\/nacionalfm\/wp-json\/wp\/v2\/categories?post=22034"},{"taxonomy":"post_tag","embeddable":true,"href":"https:\/\/sertv.gob.pa\/nacionalfm\/wp-json\/wp\/v2\/tags?post=22034"}],"curies":[{"name":"wp","href":"https:\/\/api.w.org\/{rel}","templated":true}]}}