{"id":22038,"date":"2017-07-19T17:36:47","date_gmt":"2017-07-19T17:36:47","guid":{"rendered":""},"modified":"2017-07-19T17:36:47","modified_gmt":"2017-07-19T17:36:47","slug":"inician-nuevo-episodio-costa-rica-y-panama-en-copa-oro-concacaf","status":"publish","type":"post","link":"https:\/\/sertv.gob.pa\/nacionalfm\/inician-nuevo-episodio-costa-rica-y-panama-en-copa-oro-concacaf\/","title":{"rendered":"Inician nuevo episodio Costa Rica y Panam\u00e1 en Copa Oro CONCACAF"},"content":{"rendered":"<p>\nAnte Costa Rica, se enfrenta hoy Panam\u00e1 en busca de su clasificaci\u00f3n a finales de Copa Oro 2017, en la CONCACAF.\u00a0 <\/p>\n<p>Este ser\u00e1 el primer enfrentamiento entre ambas selecciones en el m\u00e1ximo torneo de la CONCACAF, el cual se juega desde el 1991. <\/p>\n<p>Nunca antes paname\u00f1os y costarricenses, rivales habituales en torneos tales como Copa Centroamericana y eliminatorias mundialistas, han coincidido en fase de grupos ni en encuentros de fase final de la Copa Oro. <\/p>\n<p>La tarde de ayer el equipo nacional llev\u00f3 a cabo su entrenamiento oficial en el NovaCare Complex, sede del equipo de la NFL \u00c1guilas de Filadelfia. <\/p>\n<p>El t\u00e9cnico Hern\u00e1n Dar\u00edo G\u00f3mez ensay\u00f3 con un equipo muy parecido al que utiliz\u00f3 ante Martinica en Cleveland. <\/p>\n<p>G\u00f3mez prefiri\u00f3 no dar a conocer la alineaci\u00f3n. <\/p>\n<p>En la era &#8216;Bolillo&#8217;, Panam\u00e1 y Costa Rica han jugado en seis ocasiones, cinco de ellas de car\u00e1cter oficial, con marca de dos victorias de Panam\u00e1, dos para Costa Rica y dos empates. <\/p>\n<p>El m\u00e1s reciente cotejo entre Panam\u00e1 y Costa Rica se jug\u00f3 en San Jos\u00e9 con motivo del hexagonal final de CONCACAF a Rusia 2018. El encuentro finaliz\u00f3 empatado a cero goles. <\/p>\n<p>\u00a0 <\/p>\n<p>\u00a0 <\/p>\n","protected":false},"excerpt":{"rendered":"<p>Ante Costa Rica, se enfrenta hoy Panam\u00e1 en busca de <a href=\"https:\/\/sertv.gob.pa\/nacionalfm\/inician-nuevo-episodio-costa-rica-y-panama-en-copa-oro-concacaf\/\"> [&#8230;]<\/a><\/p>\n","protected":false},"author":1,"featured_media":22039,"comment_status":"closed","ping_status":"closed","sticky":false,"template":"","format":"standard","meta":{"footnotes":""},"categories":[4],"tags":[],"class_list":["post-22038","post","type-post","status-publish","format-standard","has-post-thumbnail","hentry","category-deportes"],"_links":{"self":[{"href":"https:\/\/sertv.gob.pa\/nacionalfm\/wp-json\/wp\/v2\/posts\/22038","targetHints":{"allow":["GET"]}}],"collection":[{"href":"https:\/\/sertv.gob.pa\/nacionalfm\/wp-json\/wp\/v2\/posts"}],"about":[{"href":"https:\/\/sertv.gob.pa\/nacionalfm\/wp-json\/wp\/v2\/types\/post"}],"author":[{"embeddable":true,"href":"https:\/\/sertv.gob.pa\/nacionalfm\/wp-json\/wp\/v2\/users\/1"}],"replies":[{"embeddable":true,"href":"https:\/\/sertv.gob.pa\/nacionalfm\/wp-json\/wp\/v2\/comments?post=22038"}],"version-history":[{"count":0,"href":"https:\/\/sertv.gob.pa\/nacionalfm\/wp-json\/wp\/v2\/posts\/22038\/revisions"}],"wp:featuredmedia":[{"embeddable":true,"href":"https:\/\/sertv.gob.pa\/nacionalfm\/wp-json\/wp\/v2\/media\/22039"}],"wp:attachment":[{"href":"https:\/\/sertv.gob.pa\/nacionalfm\/wp-json\/wp\/v2\/media?parent=22038"}],"wp:term":[{"taxonomy":"category","embeddable":true,"href":"https:\/\/sertv.gob.pa\/nacionalfm\/wp-json\/wp\/v2\/categories?post=22038"},{"taxonomy":"post_tag","embeddable":true,"href":"https:\/\/sertv.gob.pa\/nacionalfm\/wp-json\/wp\/v2\/tags?post=22038"}],"curies":[{"name":"wp","href":"https:\/\/api.w.org\/{rel}","templated":true}]}}