{"id":22050,"date":"2017-07-19T23:20:39","date_gmt":"2017-07-19T23:20:39","guid":{"rendered":""},"modified":"2017-07-19T23:20:39","modified_gmt":"2017-07-19T23:20:39","slug":"dayana-cordero-y-el-maestrito-llegan-a-barranquilla-para-defensa-titular","status":"publish","type":"post","link":"https:\/\/sertv.gob.pa\/nacionalfm\/dayana-cordero-y-el-maestrito-llegan-a-barranquilla-para-defensa-titular\/","title":{"rendered":"Dayana Cordero y \u201cEl Maestrito\u201d llegan a Barranquilla para defensa"},"content":{"rendered":"<p>\n La campeona interina de los pesos gallos de la Asociaci\u00f3n Mundial de Boxeo, la colombiana Dayana Cordero, lleg\u00f3 a Barranquilla para la defensa de su t\u00edtulo ante la argentina Julieta Andrea Cardozo, quien se encuentra invicta en las filas profesionales con un r\u00e9cord de 11 victorias todas ganadas por decisi\u00f3n.  <\/p>\n<p> El encuentro se llevar\u00e1 a cabo 21 de julio en el Club Campestre de Barranquilla, Colombia.  <\/p>\n<p> Cordero, quien lleg\u00f3 acompa\u00f1ada de su entrenador el ex campe\u00f3n mundial Ricardo &ldquo;El Maestrito&rdquo; C\u00f3rdoba y su apoderado \u00c1lex Rambal.  <\/p>\n<p> Dayana Cordero tiene un palmar\u00e9s de 15 victorias, 5 derrotas con 2 empates y 11 ganadas por la v\u00eda r\u00e1pida.  <\/p>\n","protected":false},"excerpt":{"rendered":"<p>La campeona interina de los pesos gallos de la Asociaci\u00f3n <a href=\"https:\/\/sertv.gob.pa\/nacionalfm\/dayana-cordero-y-el-maestrito-llegan-a-barranquilla-para-defensa-titular\/\"> [&#8230;]<\/a><\/p>\n","protected":false},"author":1,"featured_media":22051,"comment_status":"closed","ping_status":"closed","sticky":false,"template":"","format":"standard","meta":{"footnotes":""},"categories":[4],"tags":[],"class_list":["post-22050","post","type-post","status-publish","format-standard","has-post-thumbnail","hentry","category-deportes"],"_links":{"self":[{"href":"https:\/\/sertv.gob.pa\/nacionalfm\/wp-json\/wp\/v2\/posts\/22050","targetHints":{"allow":["GET"]}}],"collection":[{"href":"https:\/\/sertv.gob.pa\/nacionalfm\/wp-json\/wp\/v2\/posts"}],"about":[{"href":"https:\/\/sertv.gob.pa\/nacionalfm\/wp-json\/wp\/v2\/types\/post"}],"author":[{"embeddable":true,"href":"https:\/\/sertv.gob.pa\/nacionalfm\/wp-json\/wp\/v2\/users\/1"}],"replies":[{"embeddable":true,"href":"https:\/\/sertv.gob.pa\/nacionalfm\/wp-json\/wp\/v2\/comments?post=22050"}],"version-history":[{"count":0,"href":"https:\/\/sertv.gob.pa\/nacionalfm\/wp-json\/wp\/v2\/posts\/22050\/revisions"}],"wp:featuredmedia":[{"embeddable":true,"href":"https:\/\/sertv.gob.pa\/nacionalfm\/wp-json\/wp\/v2\/media\/22051"}],"wp:attachment":[{"href":"https:\/\/sertv.gob.pa\/nacionalfm\/wp-json\/wp\/v2\/media?parent=22050"}],"wp:term":[{"taxonomy":"category","embeddable":true,"href":"https:\/\/sertv.gob.pa\/nacionalfm\/wp-json\/wp\/v2\/categories?post=22050"},{"taxonomy":"post_tag","embeddable":true,"href":"https:\/\/sertv.gob.pa\/nacionalfm\/wp-json\/wp\/v2\/tags?post=22050"}],"curies":[{"name":"wp","href":"https:\/\/api.w.org\/{rel}","templated":true}]}}