{"id":2206,"date":"2014-10-21T05:00:00","date_gmt":"2014-10-21T05:00:00","guid":{"rendered":""},"modified":"2014-10-21T05:00:00","modified_gmt":"2014-10-21T05:00:00","slug":"casos-de-dengue-en-la-24-de-diciembre","status":"publish","type":"post","link":"https:\/\/sertv.gob.pa\/nacionalfm\/casos-de-dengue-en-la-24-de-diciembre\/","title":{"rendered":"Casos de dengue en La 24 de Diciembre"},"content":{"rendered":"<p>\nLa falta de cooperaci\u00f3n de las personas en clasificar los desechos y depositarlos en cualquier sitio, ha tra\u00eddo consigo problemas de salud de algunas personas en el corregimiento 24 de Diciembre. <\/p>\n<p>Elvia Evrez, directora m\u00e9dica del centro de salud de este corregimiento, expres\u00f3 que se ha reportado un nivel de infestaci\u00f3n del virus dengue del 6.6 %. <\/p>\n<p>A\u00f1adi\u00f3 que las comunidades Camino de Omar y Arnulfo Arias, en Pacora, son las m\u00e1s afectadas porque presentan el 5.7% de infestaci\u00f3n cuando lo aceptable es 2%. <\/p>\n<p>Carlos Monterrey, director administrativo de la Autoridad de Aseo Urbano y Domiciliario, manifest\u00f3 que a pesar de la frecuencia de los carros por las \u00e1reas, las personas siguen haciendo mal uso de los desperdicios. &lsquo;Si los pobladores no toman conciencia en depositar los desechos, se continuar\u00e1 con este problema&rsquo;, explic\u00f3. <\/p>\n<p>\u00a0 <\/p>\n","protected":false},"excerpt":{"rendered":"<p>La falta de cooperaci\u00f3n de las personas en clasificar los <a href=\"https:\/\/sertv.gob.pa\/nacionalfm\/casos-de-dengue-en-la-24-de-diciembre\/\"> [&#8230;]<\/a><\/p>\n","protected":false},"author":1,"featured_media":2207,"comment_status":"closed","ping_status":"closed","sticky":false,"template":"","format":"standard","meta":{"footnotes":""},"categories":[5],"tags":[],"class_list":["post-2206","post","type-post","status-publish","format-standard","has-post-thumbnail","hentry","category-salud"],"_links":{"self":[{"href":"https:\/\/sertv.gob.pa\/nacionalfm\/wp-json\/wp\/v2\/posts\/2206","targetHints":{"allow":["GET"]}}],"collection":[{"href":"https:\/\/sertv.gob.pa\/nacionalfm\/wp-json\/wp\/v2\/posts"}],"about":[{"href":"https:\/\/sertv.gob.pa\/nacionalfm\/wp-json\/wp\/v2\/types\/post"}],"author":[{"embeddable":true,"href":"https:\/\/sertv.gob.pa\/nacionalfm\/wp-json\/wp\/v2\/users\/1"}],"replies":[{"embeddable":true,"href":"https:\/\/sertv.gob.pa\/nacionalfm\/wp-json\/wp\/v2\/comments?post=2206"}],"version-history":[{"count":0,"href":"https:\/\/sertv.gob.pa\/nacionalfm\/wp-json\/wp\/v2\/posts\/2206\/revisions"}],"wp:featuredmedia":[{"embeddable":true,"href":"https:\/\/sertv.gob.pa\/nacionalfm\/wp-json\/wp\/v2\/media\/2207"}],"wp:attachment":[{"href":"https:\/\/sertv.gob.pa\/nacionalfm\/wp-json\/wp\/v2\/media?parent=2206"}],"wp:term":[{"taxonomy":"category","embeddable":true,"href":"https:\/\/sertv.gob.pa\/nacionalfm\/wp-json\/wp\/v2\/categories?post=2206"},{"taxonomy":"post_tag","embeddable":true,"href":"https:\/\/sertv.gob.pa\/nacionalfm\/wp-json\/wp\/v2\/tags?post=2206"}],"curies":[{"name":"wp","href":"https:\/\/api.w.org\/{rel}","templated":true}]}}