{"id":22068,"date":"2017-07-20T16:40:05","date_gmt":"2017-07-20T16:40:05","guid":{"rendered":""},"modified":"2017-07-20T16:40:05","modified_gmt":"2017-07-20T16:40:05","slug":"este-viernes-inicia-interbarrial-de-baloncesto-en-el-gimnasio-reynaldo-grenald","status":"publish","type":"post","link":"https:\/\/sertv.gob.pa\/nacionalfm\/este-viernes-inicia-interbarrial-de-baloncesto-en-el-gimnasio-reynaldo-grenald\/","title":{"rendered":"Este viernes inicia Interbarrial de Baloncesto en el Reynaldo Grenald"},"content":{"rendered":"<p>\nEste viernes 21 de julio vuelve el baloncesto al gimnasio Reynado Grenald de R\u00edo Abajo con el Campeonato Interbarrial en las categor\u00edas U-23 Masculino y Abierta Femenina, organizado por la Federaci\u00f3n Paname\u00f1a de Baloncesto a trav\u00e9s de la Liga Provincial de Baloncesto de Panam\u00e1. <\/p>\n<p>Los detalles de este certamen fueron ofrecidos en Conferencia de Prensa, que cont\u00f3 con la participaci\u00f3n del Director General del Instituto Paname\u00f1o de Deportes (PANDEPORTES), Roberto Arango Chiari y Joel Webb, en representaci\u00f3n del Ministerio de Seguridad, entidades que respaldan esta iniciativa que busca llevar una alternativa deportiva a la juventud paname\u00f1a, para alejarlos de las malas acciones sociales. <\/p>\n<p>Tambi\u00e9n participaron los Presidentes de la Liga Provincial de Baloncesto de Panam\u00e1, Alberto Duque y Gustavo Waith de la Liga Distritorial de Baloncesto de Panam\u00e1, quienes ahondaron en el torno, que contar\u00e1 con la participaci\u00f3n de 18 equipos en la rama masculina y seis en la femenina. <\/p>\n<p>Waith explic\u00f3 los pormenores del certamen, a inaugurarse este viernes 21 desde las 7 de la noche con los partidos, el primero en femenino entre Parque Lefevre ante R\u00edo Abajo y en masculino Pueblo Nuevo frente a San Miguelito y cierran Juan D\u00edaz contra Costa del Este. <\/p>\n<p>Detall\u00f3 que los partidos se celebrar\u00e1n desde las 7 de la noche los martes, jueves y viernes y el s\u00e1bado desde las 4 y 30 de la tarde, iniciando con un doblete femenino, con entrada gratis desde la jornada de apertura hasta la final, para incentivar a la fanaticada de los diferentes barrios a apoyar a sus equipos. <\/p>\n<p>El certamen masculino se dividir\u00e1 en dos grupos el A estar\u00e1 integrado por Pueblo Nuevo, San Miguelito, Col\u00f3n C-3, Betania, Parque Lefevre, Calidonia, El Chorrillo, Pedregal y Olimpiadas Especiales y el B por Juan D\u00edaz, el actual campe\u00f3n, Costa del Este, Guna Yala, Anc\u00f3n, R\u00edo Abajo, Parque Lefevre, La Chorrera, San Miguelito y El Dorado. <\/p>\n<p>La femenina la conforman R\u00edo Abajo, Parque Lefevre, Puerto Armuelles, Betania, Centinelas del Tuira y El Tecal. <\/p>\n<p>\u00a0 <\/p>\n","protected":false},"excerpt":{"rendered":"<p>Este viernes 21 de julio vuelve el baloncesto al gimnasio <a href=\"https:\/\/sertv.gob.pa\/nacionalfm\/este-viernes-inicia-interbarrial-de-baloncesto-en-el-gimnasio-reynaldo-grenald\/\"> [&#8230;]<\/a><\/p>\n","protected":false},"author":1,"featured_media":22069,"comment_status":"closed","ping_status":"closed","sticky":false,"template":"","format":"standard","meta":{"footnotes":""},"categories":[4],"tags":[],"class_list":["post-22068","post","type-post","status-publish","format-standard","has-post-thumbnail","hentry","category-deportes"],"_links":{"self":[{"href":"https:\/\/sertv.gob.pa\/nacionalfm\/wp-json\/wp\/v2\/posts\/22068","targetHints":{"allow":["GET"]}}],"collection":[{"href":"https:\/\/sertv.gob.pa\/nacionalfm\/wp-json\/wp\/v2\/posts"}],"about":[{"href":"https:\/\/sertv.gob.pa\/nacionalfm\/wp-json\/wp\/v2\/types\/post"}],"author":[{"embeddable":true,"href":"https:\/\/sertv.gob.pa\/nacionalfm\/wp-json\/wp\/v2\/users\/1"}],"replies":[{"embeddable":true,"href":"https:\/\/sertv.gob.pa\/nacionalfm\/wp-json\/wp\/v2\/comments?post=22068"}],"version-history":[{"count":0,"href":"https:\/\/sertv.gob.pa\/nacionalfm\/wp-json\/wp\/v2\/posts\/22068\/revisions"}],"wp:featuredmedia":[{"embeddable":true,"href":"https:\/\/sertv.gob.pa\/nacionalfm\/wp-json\/wp\/v2\/media\/22069"}],"wp:attachment":[{"href":"https:\/\/sertv.gob.pa\/nacionalfm\/wp-json\/wp\/v2\/media?parent=22068"}],"wp:term":[{"taxonomy":"category","embeddable":true,"href":"https:\/\/sertv.gob.pa\/nacionalfm\/wp-json\/wp\/v2\/categories?post=22068"},{"taxonomy":"post_tag","embeddable":true,"href":"https:\/\/sertv.gob.pa\/nacionalfm\/wp-json\/wp\/v2\/tags?post=22068"}],"curies":[{"name":"wp","href":"https:\/\/api.w.org\/{rel}","templated":true}]}}