{"id":2222,"date":"2014-10-22T05:00:00","date_gmt":"2014-10-22T05:00:00","guid":{"rendered":""},"modified":"2014-10-22T05:00:00","modified_gmt":"2014-10-22T05:00:00","slug":"mamografia-en-3d","status":"publish","type":"post","link":"https:\/\/sertv.gob.pa\/nacionalfm\/mamografia-en-3d\/","title":{"rendered":"Mamograf\u00eda en 3D"},"content":{"rendered":"<p>\nLa mamograf\u00eda, un m\u00e9todo clave para lograr la detecci\u00f3n temprana del c\u00e1ncer de mama, ahora es una herramienta m\u00e1s precisa en la b\u00fasqueda de tumores si se usa la mamograf\u00eda digital en combinaci\u00f3n con un m\u00e9todo llamado tomos\u00edntesis (que permite la formaci\u00f3n de im\u00e1genes tridimensionales). <\/p>\n<p>As\u00ed lo refleja un estudio recientemente publicado en el Journal of the American Medical Association que indica que la mamograf\u00eda en 3D hace posible que se diagnostiquen m\u00e1s casos de c\u00e1ncer de mama y reducir los falsos positivos, que son casos que se reportan como sospechosos, pero que finalmente no tienen c\u00e1ncer. <\/p>\n<p>Se trata de un estudio en que 14 investigadores de instituciones de Estados Unidos comparan la mamograf\u00eda convencional (la cual es bidimensional) con el examen digital en 3D por tomos\u00edntesis. <\/p>\n<p>Al implementar este \u00faltimo, cient\u00edficos encontraron que la tasa de detecci\u00f3n de tumores mamarios invasivos se increment\u00f3 hasta un 41% y hasta cerca de 29% en los c\u00e1nceres de seno en general. La mamograf\u00eda en 3D disminuy\u00f3 un 15% los diagn\u00f3sticos errados. <\/p>\n<p>En la investigaci\u00f3n 454 mil 850 ex\u00e1menes en mujeres fueron evaluados, de los cuales 281 mil 187 fueron mamograf\u00edas digitales y 173 mil 663 mamograf\u00edas digitales y tomos\u00edntesis. <\/p>\n<p>En febrero de 2011 la Food and Drugs Administration de Estados Unidos aprob\u00f3 el uso de la mamograf\u00eda 3D por tomos\u00edntesis, bas\u00e1ndose en grandes estudios que evaluaron la comparaci\u00f3n de esta t\u00e9cnica con la mamograf\u00eda est\u00e1ndar. <\/p>\n<p>\u00a0 <\/p>\n","protected":false},"excerpt":{"rendered":"<p>La mamograf\u00eda, un m\u00e9todo clave para lograr la detecci\u00f3n temprana <a href=\"https:\/\/sertv.gob.pa\/nacionalfm\/mamografia-en-3d\/\"> [&#8230;]<\/a><\/p>\n","protected":false},"author":1,"featured_media":2223,"comment_status":"closed","ping_status":"closed","sticky":false,"template":"","format":"standard","meta":{"footnotes":""},"categories":[5],"tags":[],"class_list":["post-2222","post","type-post","status-publish","format-standard","has-post-thumbnail","hentry","category-salud"],"_links":{"self":[{"href":"https:\/\/sertv.gob.pa\/nacionalfm\/wp-json\/wp\/v2\/posts\/2222","targetHints":{"allow":["GET"]}}],"collection":[{"href":"https:\/\/sertv.gob.pa\/nacionalfm\/wp-json\/wp\/v2\/posts"}],"about":[{"href":"https:\/\/sertv.gob.pa\/nacionalfm\/wp-json\/wp\/v2\/types\/post"}],"author":[{"embeddable":true,"href":"https:\/\/sertv.gob.pa\/nacionalfm\/wp-json\/wp\/v2\/users\/1"}],"replies":[{"embeddable":true,"href":"https:\/\/sertv.gob.pa\/nacionalfm\/wp-json\/wp\/v2\/comments?post=2222"}],"version-history":[{"count":0,"href":"https:\/\/sertv.gob.pa\/nacionalfm\/wp-json\/wp\/v2\/posts\/2222\/revisions"}],"wp:featuredmedia":[{"embeddable":true,"href":"https:\/\/sertv.gob.pa\/nacionalfm\/wp-json\/wp\/v2\/media\/2223"}],"wp:attachment":[{"href":"https:\/\/sertv.gob.pa\/nacionalfm\/wp-json\/wp\/v2\/media?parent=2222"}],"wp:term":[{"taxonomy":"category","embeddable":true,"href":"https:\/\/sertv.gob.pa\/nacionalfm\/wp-json\/wp\/v2\/categories?post=2222"},{"taxonomy":"post_tag","embeddable":true,"href":"https:\/\/sertv.gob.pa\/nacionalfm\/wp-json\/wp\/v2\/tags?post=2222"}],"curies":[{"name":"wp","href":"https:\/\/api.w.org\/{rel}","templated":true}]}}