{"id":2230,"date":"2014-10-22T05:00:00","date_gmt":"2014-10-22T05:00:00","guid":{"rendered":""},"modified":"2014-10-22T05:00:00","modified_gmt":"2014-10-22T05:00:00","slug":"cerca-de-9-936-personas-se-han-infectado-con-virus-del-ebola","status":"publish","type":"post","link":"https:\/\/sertv.gob.pa\/nacionalfm\/cerca-de-9-936-personas-se-han-infectado-con-virus-del-ebola\/","title":{"rendered":"Cerca de 9,936 personas se han infectado con virus del \u00e9bola"},"content":{"rendered":"<p>\nLa Organizaci\u00f3n Mundial de la Salud (OMS) confirm\u00f3 hoy que cerca de 9,936 personas se han infectado con el virus del \u00e9bola, pr\u00e1cticamente todas en \u00c1frica occidental. <\/p>\n<p>Los muertos por la epidemia m\u00e1s extendida y prolongada de \u00e9bola desde que se descubri\u00f3 la enfermedad, hace cuatro d\u00e9cadas, suman 4,877, se\u00f1al\u00f3 la instituci\u00f3n. <\/p>\n<p>Nigeria y Senegal han sido declarados pa\u00edses libres de \u00e9bola luego de haber transcurrido 42 d\u00edas (el doble del tiempo de incubaci\u00f3n m\u00e1ximo, establecido en 21 d\u00edas) sin que ninguna de las personas que pod\u00edan haberse contagiado de la enfermedad mostrara s\u00edntomas. <\/p>\n<p>\u00a0 <\/p>\n","protected":false},"excerpt":{"rendered":"<p>La Organizaci\u00f3n Mundial de la Salud (OMS) confirm\u00f3 hoy que <a href=\"https:\/\/sertv.gob.pa\/nacionalfm\/cerca-de-9-936-personas-se-han-infectado-con-virus-del-ebola\/\"> [&#8230;]<\/a><\/p>\n","protected":false},"author":1,"featured_media":2231,"comment_status":"closed","ping_status":"closed","sticky":false,"template":"","format":"standard","meta":{"footnotes":""},"categories":[5],"tags":[],"class_list":["post-2230","post","type-post","status-publish","format-standard","has-post-thumbnail","hentry","category-salud"],"_links":{"self":[{"href":"https:\/\/sertv.gob.pa\/nacionalfm\/wp-json\/wp\/v2\/posts\/2230","targetHints":{"allow":["GET"]}}],"collection":[{"href":"https:\/\/sertv.gob.pa\/nacionalfm\/wp-json\/wp\/v2\/posts"}],"about":[{"href":"https:\/\/sertv.gob.pa\/nacionalfm\/wp-json\/wp\/v2\/types\/post"}],"author":[{"embeddable":true,"href":"https:\/\/sertv.gob.pa\/nacionalfm\/wp-json\/wp\/v2\/users\/1"}],"replies":[{"embeddable":true,"href":"https:\/\/sertv.gob.pa\/nacionalfm\/wp-json\/wp\/v2\/comments?post=2230"}],"version-history":[{"count":0,"href":"https:\/\/sertv.gob.pa\/nacionalfm\/wp-json\/wp\/v2\/posts\/2230\/revisions"}],"wp:featuredmedia":[{"embeddable":true,"href":"https:\/\/sertv.gob.pa\/nacionalfm\/wp-json\/wp\/v2\/media\/2231"}],"wp:attachment":[{"href":"https:\/\/sertv.gob.pa\/nacionalfm\/wp-json\/wp\/v2\/media?parent=2230"}],"wp:term":[{"taxonomy":"category","embeddable":true,"href":"https:\/\/sertv.gob.pa\/nacionalfm\/wp-json\/wp\/v2\/categories?post=2230"},{"taxonomy":"post_tag","embeddable":true,"href":"https:\/\/sertv.gob.pa\/nacionalfm\/wp-json\/wp\/v2\/tags?post=2230"}],"curies":[{"name":"wp","href":"https:\/\/api.w.org\/{rel}","templated":true}]}}