{"id":2244,"date":"2014-10-23T05:00:00","date_gmt":"2014-10-23T05:00:00","guid":{"rendered":""},"modified":"2014-10-23T05:00:00","modified_gmt":"2014-10-23T05:00:00","slug":"140-medicos-certificados-para-que-puedan-ejercer-en-panama","status":"publish","type":"post","link":"https:\/\/sertv.gob.pa\/nacionalfm\/140-medicos-certificados-para-que-puedan-ejercer-en-panama\/","title":{"rendered":"140 m\u00e9dicos certificados para que puedan ejercer en Panam\u00e1"},"content":{"rendered":"<p>\nEl  Ministerio de Salud de Panam\u00e1 (Minsa)  inform\u00f3 \u00a0que 140 m\u00e9dicos, algunos de ellos extranjeros, han sido certificados para ejercer la profesi\u00f3n en el pa\u00eds, luego de haber aprobado un examen de competencias cl\u00ednicas. <\/p>\n<p>Entre los que fueron certificados est\u00e1n galenos paname\u00f1os que efectuaron sus estudios de medicina en Costa Rica y Cuba, adem\u00e1s de m\u00e9dicos extranjeros interesados en laborar en Panam\u00e1, manifest\u00f3 un comunicado del  Minsa , sin m\u00e1s precisiones. <\/p>\n<p> \u00abEste examen estuvo dirigido a m\u00e9dicos generales que involucra las \u00e1reas de medicina interna, psiquiatr\u00eda, medicina familiar, cirug\u00eda general, ginecolog\u00eda-obstetricia y pediatr\u00eda. Estos m\u00e9dicos una vez se grad\u00faan y aprueban el examen, pueden realizar su primer a\u00f1o de internado\u00bb , indic\u00f3 la informaci\u00f3n oficial. <\/p>\n<p>\u00a0 <\/p>\n","protected":false},"excerpt":{"rendered":"<p>El Ministerio de Salud de Panam\u00e1 (Minsa) inform\u00f3 \u00a0que 140 <a href=\"https:\/\/sertv.gob.pa\/nacionalfm\/140-medicos-certificados-para-que-puedan-ejercer-en-panama\/\"> [&#8230;]<\/a><\/p>\n","protected":false},"author":1,"featured_media":2245,"comment_status":"closed","ping_status":"closed","sticky":false,"template":"","format":"standard","meta":{"footnotes":""},"categories":[5],"tags":[],"class_list":["post-2244","post","type-post","status-publish","format-standard","has-post-thumbnail","hentry","category-salud"],"_links":{"self":[{"href":"https:\/\/sertv.gob.pa\/nacionalfm\/wp-json\/wp\/v2\/posts\/2244","targetHints":{"allow":["GET"]}}],"collection":[{"href":"https:\/\/sertv.gob.pa\/nacionalfm\/wp-json\/wp\/v2\/posts"}],"about":[{"href":"https:\/\/sertv.gob.pa\/nacionalfm\/wp-json\/wp\/v2\/types\/post"}],"author":[{"embeddable":true,"href":"https:\/\/sertv.gob.pa\/nacionalfm\/wp-json\/wp\/v2\/users\/1"}],"replies":[{"embeddable":true,"href":"https:\/\/sertv.gob.pa\/nacionalfm\/wp-json\/wp\/v2\/comments?post=2244"}],"version-history":[{"count":0,"href":"https:\/\/sertv.gob.pa\/nacionalfm\/wp-json\/wp\/v2\/posts\/2244\/revisions"}],"wp:featuredmedia":[{"embeddable":true,"href":"https:\/\/sertv.gob.pa\/nacionalfm\/wp-json\/wp\/v2\/media\/2245"}],"wp:attachment":[{"href":"https:\/\/sertv.gob.pa\/nacionalfm\/wp-json\/wp\/v2\/media?parent=2244"}],"wp:term":[{"taxonomy":"category","embeddable":true,"href":"https:\/\/sertv.gob.pa\/nacionalfm\/wp-json\/wp\/v2\/categories?post=2244"},{"taxonomy":"post_tag","embeddable":true,"href":"https:\/\/sertv.gob.pa\/nacionalfm\/wp-json\/wp\/v2\/tags?post=2244"}],"curies":[{"name":"wp","href":"https:\/\/api.w.org\/{rel}","templated":true}]}}