{"id":2246,"date":"2014-10-23T05:00:00","date_gmt":"2014-10-23T05:00:00","guid":{"rendered":""},"modified":"2014-10-23T05:00:00","modified_gmt":"2014-10-23T05:00:00","slug":"cerca-de-4-meses-se-necesitan-para-contener-epidemia-del-ebola","status":"publish","type":"post","link":"https:\/\/sertv.gob.pa\/nacionalfm\/cerca-de-4-meses-se-necesitan-para-contener-epidemia-del-ebola\/","title":{"rendered":"Cerca de 4 meses se necesitan para contener epidemia del \u00e9bola"},"content":{"rendered":"<p>\nContener la epidemia del \u00c9bola llevar\u00e1 &ldquo;al menos cuatro meses&rdquo;, incluso si se toman todas las medidas necesarias para acabar con ella, asegur\u00f3 el director de la Cruz Roja Internacional, Elhadj As Sy. <\/p>\n<p>El director de la Federaci\u00f3n Internacional de la Cruz Roja y la Media Luna Roja enumer\u00f3 una serie de medidas que lograr\u00edan controlar la expansi\u00f3n del \u00e9bola, como &ldquo;el buen aislamiento de los enfermos, un buen tratamiento de los casos confirmados, y entierros dignos y con medidas de seguridad suficientes para las v\u00edctimas mortales del virus&rdquo;. <\/p>\n<p>Le epidemia, que ya ha provocado m\u00e1s de 4.500 decesos en \u00c1frica Occidental y ha afectado de manera aislada a trabajadores sanitarios de Espa\u00f1a y Estados Unidos, no tiene vacuna. <\/p>\n<p>\u00a0 <\/p>\n","protected":false},"excerpt":{"rendered":"<p>Contener la epidemia del \u00c9bola llevar\u00e1 &ldquo;al menos cuatro meses&rdquo;, <a href=\"https:\/\/sertv.gob.pa\/nacionalfm\/cerca-de-4-meses-se-necesitan-para-contener-epidemia-del-ebola\/\"> [&#8230;]<\/a><\/p>\n","protected":false},"author":1,"featured_media":2247,"comment_status":"closed","ping_status":"closed","sticky":false,"template":"","format":"standard","meta":{"footnotes":""},"categories":[5],"tags":[],"class_list":["post-2246","post","type-post","status-publish","format-standard","has-post-thumbnail","hentry","category-salud"],"_links":{"self":[{"href":"https:\/\/sertv.gob.pa\/nacionalfm\/wp-json\/wp\/v2\/posts\/2246","targetHints":{"allow":["GET"]}}],"collection":[{"href":"https:\/\/sertv.gob.pa\/nacionalfm\/wp-json\/wp\/v2\/posts"}],"about":[{"href":"https:\/\/sertv.gob.pa\/nacionalfm\/wp-json\/wp\/v2\/types\/post"}],"author":[{"embeddable":true,"href":"https:\/\/sertv.gob.pa\/nacionalfm\/wp-json\/wp\/v2\/users\/1"}],"replies":[{"embeddable":true,"href":"https:\/\/sertv.gob.pa\/nacionalfm\/wp-json\/wp\/v2\/comments?post=2246"}],"version-history":[{"count":0,"href":"https:\/\/sertv.gob.pa\/nacionalfm\/wp-json\/wp\/v2\/posts\/2246\/revisions"}],"wp:featuredmedia":[{"embeddable":true,"href":"https:\/\/sertv.gob.pa\/nacionalfm\/wp-json\/wp\/v2\/media\/2247"}],"wp:attachment":[{"href":"https:\/\/sertv.gob.pa\/nacionalfm\/wp-json\/wp\/v2\/media?parent=2246"}],"wp:term":[{"taxonomy":"category","embeddable":true,"href":"https:\/\/sertv.gob.pa\/nacionalfm\/wp-json\/wp\/v2\/categories?post=2246"},{"taxonomy":"post_tag","embeddable":true,"href":"https:\/\/sertv.gob.pa\/nacionalfm\/wp-json\/wp\/v2\/tags?post=2246"}],"curies":[{"name":"wp","href":"https:\/\/api.w.org\/{rel}","templated":true}]}}