{"id":2250,"date":"2014-10-23T05:00:00","date_gmt":"2014-10-23T05:00:00","guid":{"rendered":""},"modified":"2014-10-23T05:00:00","modified_gmt":"2014-10-23T05:00:00","slug":"la-trombosis-no-exime-a-las-mujeres","status":"publish","type":"post","link":"https:\/\/sertv.gob.pa\/nacionalfm\/la-trombosis-no-exime-a-las-mujeres\/","title":{"rendered":"La trombosis no exime a las mujeres"},"content":{"rendered":"<p>\nEl hemat\u00f3logo Rafael Aparicio, coordinador de la Cl\u00ednica de Coagulopat\u00eda Cong\u00e9nita en la Caja de Seguro Social,\u00a0 advierte que la trombosis es un padecimiento que no exime a las mujeres. <\/p>\n<p>Aunque el sedentarismo y la inmovilizaci\u00f3n act\u00faan como circunstanciales que podr\u00edan propiciar la formaci\u00f3n de un trombo o co\u00e1gulo en el interior de un vaso sangu\u00edneo, otros factores como la medicaci\u00f3n de anticonceptivos hormonales o tratamientos de fertilidad, igualmente podr\u00edan contribuir a la formaci\u00f3n de este padecimiento. <\/p>\n<p>De acuerdo con Aparicio, la trombosis es una patolog\u00eda que se puede prevenir. Aunque las estad\u00edsticas nacionales en torno a esta afecci\u00f3n son escasas, explica el m\u00e9dico que suelen vincularse con padecimientos cardiovasculares (como infarto del coraz\u00f3n), que hoy figuran como causales significativos de muerte en el istmo. <\/p>\n<p>En las mujeres, la trombosis se puede presentar de forma inadvertida. <\/p>\n<p>\u00a0 <\/p>\n","protected":false},"excerpt":{"rendered":"<p>El hemat\u00f3logo Rafael Aparicio, coordinador de la Cl\u00ednica de Coagulopat\u00eda <a href=\"https:\/\/sertv.gob.pa\/nacionalfm\/la-trombosis-no-exime-a-las-mujeres\/\"> [&#8230;]<\/a><\/p>\n","protected":false},"author":1,"featured_media":2251,"comment_status":"closed","ping_status":"closed","sticky":false,"template":"","format":"standard","meta":{"footnotes":""},"categories":[5],"tags":[],"class_list":["post-2250","post","type-post","status-publish","format-standard","has-post-thumbnail","hentry","category-salud"],"_links":{"self":[{"href":"https:\/\/sertv.gob.pa\/nacionalfm\/wp-json\/wp\/v2\/posts\/2250","targetHints":{"allow":["GET"]}}],"collection":[{"href":"https:\/\/sertv.gob.pa\/nacionalfm\/wp-json\/wp\/v2\/posts"}],"about":[{"href":"https:\/\/sertv.gob.pa\/nacionalfm\/wp-json\/wp\/v2\/types\/post"}],"author":[{"embeddable":true,"href":"https:\/\/sertv.gob.pa\/nacionalfm\/wp-json\/wp\/v2\/users\/1"}],"replies":[{"embeddable":true,"href":"https:\/\/sertv.gob.pa\/nacionalfm\/wp-json\/wp\/v2\/comments?post=2250"}],"version-history":[{"count":0,"href":"https:\/\/sertv.gob.pa\/nacionalfm\/wp-json\/wp\/v2\/posts\/2250\/revisions"}],"wp:featuredmedia":[{"embeddable":true,"href":"https:\/\/sertv.gob.pa\/nacionalfm\/wp-json\/wp\/v2\/media\/2251"}],"wp:attachment":[{"href":"https:\/\/sertv.gob.pa\/nacionalfm\/wp-json\/wp\/v2\/media?parent=2250"}],"wp:term":[{"taxonomy":"category","embeddable":true,"href":"https:\/\/sertv.gob.pa\/nacionalfm\/wp-json\/wp\/v2\/categories?post=2250"},{"taxonomy":"post_tag","embeddable":true,"href":"https:\/\/sertv.gob.pa\/nacionalfm\/wp-json\/wp\/v2\/tags?post=2250"}],"curies":[{"name":"wp","href":"https:\/\/api.w.org\/{rel}","templated":true}]}}