{"id":2252,"date":"2014-10-23T05:00:00","date_gmt":"2014-10-23T05:00:00","guid":{"rendered":""},"modified":"2014-10-23T05:00:00","modified_gmt":"2014-10-23T05:00:00","slug":"desabastecimiento-de-farmacos-por-terminar","status":"publish","type":"post","link":"https:\/\/sertv.gob.pa\/nacionalfm\/desabastecimiento-de-farmacos-por-terminar\/","title":{"rendered":"Desabastecimiento de f\u00e1rmacos por terminar"},"content":{"rendered":"<p>\nLa Caja de Seguro Social (CSS) logr\u00f3 \u00a0que la Direcci\u00f3n de Farmacias y Drogas del Ministerio de Salud les autorizara la compra especial de los medicamentos que usan los pacientes que recibieron un trasplante de ri\u00f1\u00f3n o h\u00edgado. <\/p>\n<p>El vocero de la entidad, Jos\u00e9 Miguel Guerra, inform\u00f3 que el problema de desabastecimiento de estos f\u00e1rmacos debe estar resuelto en 48 horas. Alexander Pineda, de los pacientes trasplantados, denunci\u00f3 la falta de micofenolato de mofetilo y tacrolim\u00fas. <\/p>\n<p>\u00a0 <\/p>\n","protected":false},"excerpt":{"rendered":"<p>La Caja de Seguro Social (CSS) logr\u00f3 \u00a0que la Direcci\u00f3n <a href=\"https:\/\/sertv.gob.pa\/nacionalfm\/desabastecimiento-de-farmacos-por-terminar\/\"> [&#8230;]<\/a><\/p>\n","protected":false},"author":1,"featured_media":2253,"comment_status":"closed","ping_status":"closed","sticky":false,"template":"","format":"standard","meta":{"footnotes":""},"categories":[5],"tags":[],"class_list":["post-2252","post","type-post","status-publish","format-standard","has-post-thumbnail","hentry","category-salud"],"_links":{"self":[{"href":"https:\/\/sertv.gob.pa\/nacionalfm\/wp-json\/wp\/v2\/posts\/2252","targetHints":{"allow":["GET"]}}],"collection":[{"href":"https:\/\/sertv.gob.pa\/nacionalfm\/wp-json\/wp\/v2\/posts"}],"about":[{"href":"https:\/\/sertv.gob.pa\/nacionalfm\/wp-json\/wp\/v2\/types\/post"}],"author":[{"embeddable":true,"href":"https:\/\/sertv.gob.pa\/nacionalfm\/wp-json\/wp\/v2\/users\/1"}],"replies":[{"embeddable":true,"href":"https:\/\/sertv.gob.pa\/nacionalfm\/wp-json\/wp\/v2\/comments?post=2252"}],"version-history":[{"count":0,"href":"https:\/\/sertv.gob.pa\/nacionalfm\/wp-json\/wp\/v2\/posts\/2252\/revisions"}],"wp:featuredmedia":[{"embeddable":true,"href":"https:\/\/sertv.gob.pa\/nacionalfm\/wp-json\/wp\/v2\/media\/2253"}],"wp:attachment":[{"href":"https:\/\/sertv.gob.pa\/nacionalfm\/wp-json\/wp\/v2\/media?parent=2252"}],"wp:term":[{"taxonomy":"category","embeddable":true,"href":"https:\/\/sertv.gob.pa\/nacionalfm\/wp-json\/wp\/v2\/categories?post=2252"},{"taxonomy":"post_tag","embeddable":true,"href":"https:\/\/sertv.gob.pa\/nacionalfm\/wp-json\/wp\/v2\/tags?post=2252"}],"curies":[{"name":"wp","href":"https:\/\/api.w.org\/{rel}","templated":true}]}}