{"id":22530,"date":"2017-08-04T19:34:17","date_gmt":"2017-08-04T19:34:17","guid":{"rendered":""},"modified":"2017-08-04T19:34:17","modified_gmt":"2017-08-04T19:34:17","slug":"farmaco-para-la-diabetes-mejora-sintomas-de-parkinson","status":"publish","type":"post","link":"https:\/\/sertv.gob.pa\/nacionalfm\/farmaco-para-la-diabetes-mejora-sintomas-de-parkinson\/","title":{"rendered":"F\u00e1rmaco para la diabetes mejora s\u00edntomas de Parkinson"},"content":{"rendered":"<p>\nUn medicamento para tratar la diabetes podr\u00eda abrir una  nueva v\u00eda de estudio  en la investigaci\u00f3n del Parkinson. La enfermedad, que afecta a una de cada 500 personas, es la segunda afecci\u00f3n neurodegenerativa m\u00e1s com\u00fan en el mundo, despu\u00e9s del Alzheimer. En Espa\u00f1a hay m\u00e1s de 150.000 personas que padecen la enfermedad. <\/p>\n<p>Hasta ahora, todos los f\u00e1rmacos para tratar esta enfermedad se centran en ocultar los s\u00edntomas, pero no detienen su desarrollo. Adem\u00e1s, con el tiempo, son menos eficaces porque la afecci\u00f3n progresa hasta afectar a otros tipos de c\u00e9lulas. <\/p>\n<p>Un  estudio  realizado en la Universidad College London (Reino Unido) con  60 personas  con Parkinson ha detectado que aquellos que se inyectaban una vez por semana exenatida, empleada para tratar la diabetes tipo 2, tuvieron mejores resultados en las pruebas de movimiento que aquellos a los que se administr\u00f3 placebo. <\/p>\n<p>La investigaci\u00f3n, publicada en la revista cient\u00edfica  The Lancet , se desarroll\u00f3 durante  48 semanas  en las que los participantes tambi\u00e9n tomaron su medicaci\u00f3n habitual, a las que siguieron otras 12 semanas \u00abde lavado\u00bb en las que no se inyectaron este f\u00e1rmaco. Aquellos que usaron la exenatida mostraron mejor funci\u00f3n motora tras finalizar ambos periodos, mientras que los que tomaron placebo empeoraron. <\/p>\n<p>\u00abLos resultados de este ensayo son particularmente interesantes ya que es el primer f\u00e1rmaco que parece tener un efecto prolongado en los problemas de movimiento que provoca el Parkinson\u00bb, indica el principal autor del estudio, el profesor Tom Foltynie. <\/p>\n<p>El f\u00e1rmaco act\u00faa sobre unos receptores en el cerebro, lo que ayuda a mejorar la sensibilidad a la insulina, a  impulsar el funcionamiento de las c\u00e9lulas nerviosas  y activa las mol\u00e9culas pro-supervivencia en las c\u00e9lulas. <\/p>\n<p>Adem\u00e1s, es un medicamento \u00abbien tolerado\u00bb, aunque s\u00ed se observaron algunas reacciones en el lugar de la inyecci\u00f3n as\u00ed como efectos gastrointestinales. <\/p>\n<p>Aunque los cient\u00edficos que han llevado a cabo la investigaci\u00f3n  se muestran optimistas ante los resultados , advierten de que a\u00fan hay que hacer m\u00e1s estudios. <\/p>\n<p>\u00a0 <\/p>\n","protected":false},"excerpt":{"rendered":"<p>Un medicamento para tratar la diabetes podr\u00eda abrir una nueva <a href=\"https:\/\/sertv.gob.pa\/nacionalfm\/farmaco-para-la-diabetes-mejora-sintomas-de-parkinson\/\"> [&#8230;]<\/a><\/p>\n","protected":false},"author":1,"featured_media":22531,"comment_status":"closed","ping_status":"closed","sticky":false,"template":"","format":"standard","meta":{"footnotes":""},"categories":[5],"tags":[],"class_list":["post-22530","post","type-post","status-publish","format-standard","has-post-thumbnail","hentry","category-salud"],"_links":{"self":[{"href":"https:\/\/sertv.gob.pa\/nacionalfm\/wp-json\/wp\/v2\/posts\/22530","targetHints":{"allow":["GET"]}}],"collection":[{"href":"https:\/\/sertv.gob.pa\/nacionalfm\/wp-json\/wp\/v2\/posts"}],"about":[{"href":"https:\/\/sertv.gob.pa\/nacionalfm\/wp-json\/wp\/v2\/types\/post"}],"author":[{"embeddable":true,"href":"https:\/\/sertv.gob.pa\/nacionalfm\/wp-json\/wp\/v2\/users\/1"}],"replies":[{"embeddable":true,"href":"https:\/\/sertv.gob.pa\/nacionalfm\/wp-json\/wp\/v2\/comments?post=22530"}],"version-history":[{"count":0,"href":"https:\/\/sertv.gob.pa\/nacionalfm\/wp-json\/wp\/v2\/posts\/22530\/revisions"}],"wp:featuredmedia":[{"embeddable":true,"href":"https:\/\/sertv.gob.pa\/nacionalfm\/wp-json\/wp\/v2\/media\/22531"}],"wp:attachment":[{"href":"https:\/\/sertv.gob.pa\/nacionalfm\/wp-json\/wp\/v2\/media?parent=22530"}],"wp:term":[{"taxonomy":"category","embeddable":true,"href":"https:\/\/sertv.gob.pa\/nacionalfm\/wp-json\/wp\/v2\/categories?post=22530"},{"taxonomy":"post_tag","embeddable":true,"href":"https:\/\/sertv.gob.pa\/nacionalfm\/wp-json\/wp\/v2\/tags?post=22530"}],"curies":[{"name":"wp","href":"https:\/\/api.w.org\/{rel}","templated":true}]}}