{"id":2268,"date":"2014-10-24T05:00:00","date_gmt":"2014-10-24T05:00:00","guid":{"rendered":""},"modified":"2014-10-24T05:00:00","modified_gmt":"2014-10-24T05:00:00","slug":"en-panama-se-reuniran-reumatologos-del-mundo-en-2016","status":"publish","type":"post","link":"https:\/\/sertv.gob.pa\/nacionalfm\/en-panama-se-reuniran-reumatologos-del-mundo-en-2016\/","title":{"rendered":"En Panam\u00e1 se reunir\u00e1n reumat\u00f3logos del mundo en 2016"},"content":{"rendered":"<p>\nHace poco se realiz\u00f3 en el Centro de Convenciones Megapolis en Panam\u00e1, el lanzamiento del XIX Congreso de Liga Panamericana de Asociaciones de Reumatolog\u00eda (PANLAR), que se llevar\u00e1 a cabo del 9 al 14 de abril de 2016. \u00a0En este evento estuvieron presente compa\u00f1\u00eda farmac\u00e9uticas internacionales y locales, miembros de PANLAR, la Sociedad Paname\u00f1a de Reumatolog\u00eda y medios de comunicaci\u00f3n. <\/p>\n<p>Dr. Carlos Pineda, presidente de PANLAR, \u00a0quien reside en ciudad de M\u00e9xico, y uno de los reumat\u00f3logos de mayor prestigio en el mundo, reafirma el compromiso de esta organizaci\u00f3n con el desarrollo de esta actividad y con la Sociedad Paname\u00f1a de Reumatolog\u00eda. <\/p>\n<p>El Dr. Pineda resalt\u00f3 la importancia de Panam\u00e1 en la regi\u00f3n y dentro de la Comunidad Reumatol\u00f3gica de Las Am\u00e9ricas, donde coexiste con otras 20 sociedades cient\u00edficas convirti\u00e9ndose en epicentro de actualizaci\u00f3n en esta especialidad, para m\u00e1s de 1,200 doctores de m\u00e1s de 40 pa\u00edses. <\/p>\n<p>Por su parte, el Dr. Ram\u00f3n P\u00e9rez Acu\u00f1a, m\u00e9dico reumat\u00f3logo y presidente del Congreso PANLAR Panam\u00e1 2016, indic\u00f3 que la importancia de este evento radica en \u00abla presencia de conferencistas de talla mundial en la rama de reumatolog\u00eda e inmunolog\u00eda que podr\u00e1n actualizar a los inscritos en los avances que ofrece esta especialidad m\u00e9dica, donde no solo participar\u00e1n expertos en reumatolog\u00eda e inmunolog\u00eda de Am\u00e9rica sino de Europa y otros continentes\u00bb. <\/p>\n","protected":false},"excerpt":{"rendered":"<p>Hace poco se realiz\u00f3 en el Centro de Convenciones Megapolis <a href=\"https:\/\/sertv.gob.pa\/nacionalfm\/en-panama-se-reuniran-reumatologos-del-mundo-en-2016\/\"> [&#8230;]<\/a><\/p>\n","protected":false},"author":1,"featured_media":2269,"comment_status":"closed","ping_status":"closed","sticky":false,"template":"","format":"standard","meta":{"footnotes":""},"categories":[5],"tags":[],"class_list":["post-2268","post","type-post","status-publish","format-standard","has-post-thumbnail","hentry","category-salud"],"_links":{"self":[{"href":"https:\/\/sertv.gob.pa\/nacionalfm\/wp-json\/wp\/v2\/posts\/2268","targetHints":{"allow":["GET"]}}],"collection":[{"href":"https:\/\/sertv.gob.pa\/nacionalfm\/wp-json\/wp\/v2\/posts"}],"about":[{"href":"https:\/\/sertv.gob.pa\/nacionalfm\/wp-json\/wp\/v2\/types\/post"}],"author":[{"embeddable":true,"href":"https:\/\/sertv.gob.pa\/nacionalfm\/wp-json\/wp\/v2\/users\/1"}],"replies":[{"embeddable":true,"href":"https:\/\/sertv.gob.pa\/nacionalfm\/wp-json\/wp\/v2\/comments?post=2268"}],"version-history":[{"count":0,"href":"https:\/\/sertv.gob.pa\/nacionalfm\/wp-json\/wp\/v2\/posts\/2268\/revisions"}],"wp:featuredmedia":[{"embeddable":true,"href":"https:\/\/sertv.gob.pa\/nacionalfm\/wp-json\/wp\/v2\/media\/2269"}],"wp:attachment":[{"href":"https:\/\/sertv.gob.pa\/nacionalfm\/wp-json\/wp\/v2\/media?parent=2268"}],"wp:term":[{"taxonomy":"category","embeddable":true,"href":"https:\/\/sertv.gob.pa\/nacionalfm\/wp-json\/wp\/v2\/categories?post=2268"},{"taxonomy":"post_tag","embeddable":true,"href":"https:\/\/sertv.gob.pa\/nacionalfm\/wp-json\/wp\/v2\/tags?post=2268"}],"curies":[{"name":"wp","href":"https:\/\/api.w.org\/{rel}","templated":true}]}}