{"id":2270,"date":"2014-10-24T05:00:00","date_gmt":"2014-10-24T05:00:00","guid":{"rendered":""},"modified":"2014-10-24T05:00:00","modified_gmt":"2014-10-24T05:00:00","slug":"campana-contra-obesidad-en-los-ninos-y-ninas","status":"publish","type":"post","link":"https:\/\/sertv.gob.pa\/nacionalfm\/campana-contra-obesidad-en-los-ninos-y-ninas\/","title":{"rendered":"Campa\u00f1a contra obesidad en los ni\u00f1os y ni\u00f1as"},"content":{"rendered":"<p>\nEl Ministerio de Salud (MINSA) y el Despacho de la Primera Dama de la Rep\u00fablica, se unieron a la campa\u00f1a &ldquo;Despierta Panam\u00e1: el ni\u00f1o de hoy es el ciudadano de ma\u00f1ana y su futuro est\u00e1 en tus manos&rdquo;, que enfatiza la importancia de una alimentaci\u00f3n saludable, para prevenir la obesidad infantil. <\/p>\n<p>La iniciativa dirigida a la familia con mensajes que promueven h\u00e1bitos de alimentaci\u00f3n saludables desde la primera infancia, como la actividad f\u00edsica y la recreaci\u00f3n, ser\u00e1 difundida a trav\u00e9s de televisi\u00f3n abierta y cable, medios de comunicaci\u00f3n impresos, entre \u00e9stos: peri\u00f3dicos y revistas. <\/p>\n<p>El proyecto lo impulsan Nutre Hogar, la Organizaci\u00f3n de Estados Iberoamericanos\u00a0 para la Educaci\u00f3n, la Ciencia y la Cultura (OEI), el Programa Mundial de Alimentos (PMA), Medcom y Herbalife. <\/p>\n<p>En representaci\u00f3n del Despacho de la Primera Dama, la Directora de Proyectos, Ana Mar\u00eda De Le\u00f3n, expres\u00f3 que la obesidad no respeta sexo, edad, ni grupo y que este padecimiento incrementa el peligro de padecer enfermedades cr\u00f3nicas como: diabetes, hipertensi\u00f3n, enfermedades cardiacas\u00a0 y c\u00e1ncer, entre otras. <\/p>\n","protected":false},"excerpt":{"rendered":"<p>El Ministerio de Salud (MINSA) y el Despacho de la <a href=\"https:\/\/sertv.gob.pa\/nacionalfm\/campana-contra-obesidad-en-los-ninos-y-ninas\/\"> [&#8230;]<\/a><\/p>\n","protected":false},"author":1,"featured_media":2271,"comment_status":"closed","ping_status":"closed","sticky":false,"template":"","format":"standard","meta":{"footnotes":""},"categories":[5],"tags":[],"class_list":["post-2270","post","type-post","status-publish","format-standard","has-post-thumbnail","hentry","category-salud"],"_links":{"self":[{"href":"https:\/\/sertv.gob.pa\/nacionalfm\/wp-json\/wp\/v2\/posts\/2270","targetHints":{"allow":["GET"]}}],"collection":[{"href":"https:\/\/sertv.gob.pa\/nacionalfm\/wp-json\/wp\/v2\/posts"}],"about":[{"href":"https:\/\/sertv.gob.pa\/nacionalfm\/wp-json\/wp\/v2\/types\/post"}],"author":[{"embeddable":true,"href":"https:\/\/sertv.gob.pa\/nacionalfm\/wp-json\/wp\/v2\/users\/1"}],"replies":[{"embeddable":true,"href":"https:\/\/sertv.gob.pa\/nacionalfm\/wp-json\/wp\/v2\/comments?post=2270"}],"version-history":[{"count":0,"href":"https:\/\/sertv.gob.pa\/nacionalfm\/wp-json\/wp\/v2\/posts\/2270\/revisions"}],"wp:featuredmedia":[{"embeddable":true,"href":"https:\/\/sertv.gob.pa\/nacionalfm\/wp-json\/wp\/v2\/media\/2271"}],"wp:attachment":[{"href":"https:\/\/sertv.gob.pa\/nacionalfm\/wp-json\/wp\/v2\/media?parent=2270"}],"wp:term":[{"taxonomy":"category","embeddable":true,"href":"https:\/\/sertv.gob.pa\/nacionalfm\/wp-json\/wp\/v2\/categories?post=2270"},{"taxonomy":"post_tag","embeddable":true,"href":"https:\/\/sertv.gob.pa\/nacionalfm\/wp-json\/wp\/v2\/tags?post=2270"}],"curies":[{"name":"wp","href":"https:\/\/api.w.org\/{rel}","templated":true}]}}