{"id":2292,"date":"2014-10-27T05:00:00","date_gmt":"2014-10-27T05:00:00","guid":{"rendered":""},"modified":"2014-10-27T05:00:00","modified_gmt":"2014-10-27T05:00:00","slug":"oms-preve-empezar-ensayos-de-2-vacunas-de-ebola","status":"publish","type":"post","link":"https:\/\/sertv.gob.pa\/nacionalfm\/oms-preve-empezar-ensayos-de-2-vacunas-de-ebola\/","title":{"rendered":"OMS prev\u00e9 empezar ensayos de 2 vacunas de \u00e9bola"},"content":{"rendered":"<p>\nRepresentantes de la Organizaci\u00f3n Mundial de la Salud (OMS) prev\u00e9n que la segunda fase de ensayos cl\u00ednicos de dos vacunas que se est\u00e1n probando contra el \u00e9bola, con el objetivo de establecer su eficacia, inicie en diciembre en \u00c1frica, concretamente en Liberia. <\/p>\n<p>La directora adjunta de la OMS, Marie Paule Kieny, comunic\u00f3 que el plan inicial es comenzar estos ensayos en Liberia y que se ha empezado a discutir con Sierra Leona y Guinea para ver en qu\u00e9 medida se puede lanzar la vacunaci\u00f3n de prueba igualmente en estos pa\u00edses. <\/p>\n<p>Aclar\u00f3, no obstante, que esos ensayos depender\u00e1n del resultado de los que se est\u00e1n efectuando en una primera fase en varios pa\u00edses de Europa y \u00c1frica para demostrar que estos productos son inocuos y provocan alguna respuesta inmunol\u00f3gica en el ser humano, aspectos en los que la OMS parece confiar. <\/p>\n<p>\u00a0 <\/p>\n","protected":false},"excerpt":{"rendered":"<p>Representantes de la Organizaci\u00f3n Mundial de la Salud (OMS) prev\u00e9n <a href=\"https:\/\/sertv.gob.pa\/nacionalfm\/oms-preve-empezar-ensayos-de-2-vacunas-de-ebola\/\"> [&#8230;]<\/a><\/p>\n","protected":false},"author":1,"featured_media":2293,"comment_status":"closed","ping_status":"closed","sticky":false,"template":"","format":"standard","meta":{"footnotes":""},"categories":[5],"tags":[],"class_list":["post-2292","post","type-post","status-publish","format-standard","has-post-thumbnail","hentry","category-salud"],"_links":{"self":[{"href":"https:\/\/sertv.gob.pa\/nacionalfm\/wp-json\/wp\/v2\/posts\/2292","targetHints":{"allow":["GET"]}}],"collection":[{"href":"https:\/\/sertv.gob.pa\/nacionalfm\/wp-json\/wp\/v2\/posts"}],"about":[{"href":"https:\/\/sertv.gob.pa\/nacionalfm\/wp-json\/wp\/v2\/types\/post"}],"author":[{"embeddable":true,"href":"https:\/\/sertv.gob.pa\/nacionalfm\/wp-json\/wp\/v2\/users\/1"}],"replies":[{"embeddable":true,"href":"https:\/\/sertv.gob.pa\/nacionalfm\/wp-json\/wp\/v2\/comments?post=2292"}],"version-history":[{"count":0,"href":"https:\/\/sertv.gob.pa\/nacionalfm\/wp-json\/wp\/v2\/posts\/2292\/revisions"}],"wp:featuredmedia":[{"embeddable":true,"href":"https:\/\/sertv.gob.pa\/nacionalfm\/wp-json\/wp\/v2\/media\/2293"}],"wp:attachment":[{"href":"https:\/\/sertv.gob.pa\/nacionalfm\/wp-json\/wp\/v2\/media?parent=2292"}],"wp:term":[{"taxonomy":"category","embeddable":true,"href":"https:\/\/sertv.gob.pa\/nacionalfm\/wp-json\/wp\/v2\/categories?post=2292"},{"taxonomy":"post_tag","embeddable":true,"href":"https:\/\/sertv.gob.pa\/nacionalfm\/wp-json\/wp\/v2\/tags?post=2292"}],"curies":[{"name":"wp","href":"https:\/\/api.w.org\/{rel}","templated":true}]}}