{"id":2294,"date":"2014-10-27T05:00:00","date_gmt":"2014-10-27T05:00:00","guid":{"rendered":""},"modified":"2014-10-27T05:00:00","modified_gmt":"2014-10-27T05:00:00","slug":"exito-con-terapia-de-protones-para-danos-cerebrales","status":"publish","type":"post","link":"https:\/\/sertv.gob.pa\/nacionalfm\/exito-con-terapia-de-protones-para-danos-cerebrales\/","title":{"rendered":"\u00c9xito con terapia de protones para da\u00f1os cerebrales"},"content":{"rendered":"<p>\nAshya King, de cinco a\u00f1os de edad, padece de un tumor cerebral y actualmente est\u00e1 siendo sometido a un tratamiento de protones en un centro de terapia de protones en Praga, capital de la Rep\u00fablica Checa. <\/p>\n<p>\u00a0La terapia con protones es un tipo de radioterapia externa que utiliza un haz de protones para irradiar el tejido afectado por un tumor. La principal ventaja que presenta este procedimiento es la posibilidad de localizar dosis m\u00e1s altas en el tumor al tiempo que se mantienen bajas las dosis de las estructuras cr\u00edticas adyacentes o bien de mantener la dosis en el tumor mientras se disminuyen las dosis totales de las estructuras cr\u00edticas. <\/p>\n<p>El Centro de Terapia de Protones dio a conocer que el peque\u00f1o Ashya fue sometido con \u00e9xito al tratamiento, que consisti\u00f3 de 30 sesiones, y se halla cada vez mejor. Ashya y su familia se dirigen a Espa\u00f1a para continuar su rehabilitaci\u00f3n y buscar una terapia adicional, posiblemente una quimioterapia.\u00a0 <\/p>\n","protected":false},"excerpt":{"rendered":"<p>Ashya King, de cinco a\u00f1os de edad, padece de un <a href=\"https:\/\/sertv.gob.pa\/nacionalfm\/exito-con-terapia-de-protones-para-danos-cerebrales\/\"> [&#8230;]<\/a><\/p>\n","protected":false},"author":1,"featured_media":2295,"comment_status":"closed","ping_status":"closed","sticky":false,"template":"","format":"standard","meta":{"footnotes":""},"categories":[5],"tags":[],"class_list":["post-2294","post","type-post","status-publish","format-standard","has-post-thumbnail","hentry","category-salud"],"_links":{"self":[{"href":"https:\/\/sertv.gob.pa\/nacionalfm\/wp-json\/wp\/v2\/posts\/2294","targetHints":{"allow":["GET"]}}],"collection":[{"href":"https:\/\/sertv.gob.pa\/nacionalfm\/wp-json\/wp\/v2\/posts"}],"about":[{"href":"https:\/\/sertv.gob.pa\/nacionalfm\/wp-json\/wp\/v2\/types\/post"}],"author":[{"embeddable":true,"href":"https:\/\/sertv.gob.pa\/nacionalfm\/wp-json\/wp\/v2\/users\/1"}],"replies":[{"embeddable":true,"href":"https:\/\/sertv.gob.pa\/nacionalfm\/wp-json\/wp\/v2\/comments?post=2294"}],"version-history":[{"count":0,"href":"https:\/\/sertv.gob.pa\/nacionalfm\/wp-json\/wp\/v2\/posts\/2294\/revisions"}],"wp:featuredmedia":[{"embeddable":true,"href":"https:\/\/sertv.gob.pa\/nacionalfm\/wp-json\/wp\/v2\/media\/2295"}],"wp:attachment":[{"href":"https:\/\/sertv.gob.pa\/nacionalfm\/wp-json\/wp\/v2\/media?parent=2294"}],"wp:term":[{"taxonomy":"category","embeddable":true,"href":"https:\/\/sertv.gob.pa\/nacionalfm\/wp-json\/wp\/v2\/categories?post=2294"},{"taxonomy":"post_tag","embeddable":true,"href":"https:\/\/sertv.gob.pa\/nacionalfm\/wp-json\/wp\/v2\/tags?post=2294"}],"curies":[{"name":"wp","href":"https:\/\/api.w.org\/{rel}","templated":true}]}}