{"id":2300,"date":"2014-10-27T05:00:00","date_gmt":"2014-10-27T05:00:00","guid":{"rendered":""},"modified":"2014-10-27T05:00:00","modified_gmt":"2014-10-27T05:00:00","slug":"cooperaran-en-lucha-contra-sida","status":"publish","type":"post","link":"https:\/\/sertv.gob.pa\/nacionalfm\/cooperaran-en-lucha-contra-sida\/","title":{"rendered":"Cooperar\u00e1n en lucha contra sida"},"content":{"rendered":"<p>\nSiete de las principales p\u00e1ginas de contactos de internet y aplicaciones para homosexuales acordaron involucrarse en la lucha contra el sida, una enfermedad de la que anualmente se infectan 50 mil personas en el pa\u00eds. <\/p>\n<p>Los portales y aplicaciones de contactos para gays aceptaron la propuesta que un conglomerado de organizaciones sanitarias locales, estatales y federales les ofreci\u00f3 en un encuentro en San Francisco para colaborar en la lucha contra esta enfermedad. <\/p>\n<p>Los sitios y aplicaciones aceptaron incentivar a sus usuarios para que se realicen pruebas de sida, facilitar informaci\u00f3n actualizada sobre medidas y f\u00e1rmacos de prevenci\u00f3n y tratar de eliminar el estigma que existe en la propia comunidad hacia aquellos que han contra\u00eddo la enfermedad. <\/p>\n<p>&lsquo;Estos portales y aplicaciones llegan a much\u00edsima gente y han aceptado trabajar codo a codo con las organizaciones sanitarias para conocer c\u00f3mo pueden contribuir a los esfuerzos de prevenci\u00f3n contra el sida&rsquo;, explic\u00f3 a Efe el investigador de la Universidad de California en San Francisco Dan Wohlfeiler. <\/p>\n<p>\u00a0 <\/p>\n","protected":false},"excerpt":{"rendered":"<p>Siete de las principales p\u00e1ginas de contactos de internet y <a href=\"https:\/\/sertv.gob.pa\/nacionalfm\/cooperaran-en-lucha-contra-sida\/\"> [&#8230;]<\/a><\/p>\n","protected":false},"author":1,"featured_media":2301,"comment_status":"closed","ping_status":"closed","sticky":false,"template":"","format":"standard","meta":{"footnotes":""},"categories":[5],"tags":[],"class_list":["post-2300","post","type-post","status-publish","format-standard","has-post-thumbnail","hentry","category-salud"],"_links":{"self":[{"href":"https:\/\/sertv.gob.pa\/nacionalfm\/wp-json\/wp\/v2\/posts\/2300","targetHints":{"allow":["GET"]}}],"collection":[{"href":"https:\/\/sertv.gob.pa\/nacionalfm\/wp-json\/wp\/v2\/posts"}],"about":[{"href":"https:\/\/sertv.gob.pa\/nacionalfm\/wp-json\/wp\/v2\/types\/post"}],"author":[{"embeddable":true,"href":"https:\/\/sertv.gob.pa\/nacionalfm\/wp-json\/wp\/v2\/users\/1"}],"replies":[{"embeddable":true,"href":"https:\/\/sertv.gob.pa\/nacionalfm\/wp-json\/wp\/v2\/comments?post=2300"}],"version-history":[{"count":0,"href":"https:\/\/sertv.gob.pa\/nacionalfm\/wp-json\/wp\/v2\/posts\/2300\/revisions"}],"wp:featuredmedia":[{"embeddable":true,"href":"https:\/\/sertv.gob.pa\/nacionalfm\/wp-json\/wp\/v2\/media\/2301"}],"wp:attachment":[{"href":"https:\/\/sertv.gob.pa\/nacionalfm\/wp-json\/wp\/v2\/media?parent=2300"}],"wp:term":[{"taxonomy":"category","embeddable":true,"href":"https:\/\/sertv.gob.pa\/nacionalfm\/wp-json\/wp\/v2\/categories?post=2300"},{"taxonomy":"post_tag","embeddable":true,"href":"https:\/\/sertv.gob.pa\/nacionalfm\/wp-json\/wp\/v2\/tags?post=2300"}],"curies":[{"name":"wp","href":"https:\/\/api.w.org\/{rel}","templated":true}]}}