{"id":2302,"date":"2014-10-27T05:00:00","date_gmt":"2014-10-27T05:00:00","guid":{"rendered":""},"modified":"2014-10-27T05:00:00","modified_gmt":"2014-10-27T05:00:00","slug":"estamos-a-las-puertas-de-una-pandemia-de-diabetes-de-grandes-proporciones","status":"publish","type":"post","link":"https:\/\/sertv.gob.pa\/nacionalfm\/estamos-a-las-puertas-de-una-pandemia-de-diabetes-de-grandes-proporciones\/","title":{"rendered":"Estamos a las puertas de una pandemia de diabetes de grandes proporciones"},"content":{"rendered":"<p>\nLa diabetes o hiperglicemia es una enfermedad cr\u00f3nica, es decir, que tiene una duraci\u00f3n larga y por lo general, su progresi\u00f3n es lenta. El cuerpo no es capaz de procesar el az\u00facar debido a que el p\u00e1ncreas, una gl\u00e1ndula situada junto al est\u00f3mago y que vierte en el intestino un jugo digestivo, no produce la cantidad necesaria de una hormona esencial: la insulina. El efecto es que el az\u00facar se acumula progresivamente en la sangre y en los tejidos, provocando efectos letales para el paciente. <\/p>\n<p>Durante el evento informativo &lsquo;Diabetes 360\u00b0 en Latinoam\u00e9rica&rsquo;, organizado por Novo Nordisk, el doctor Pablo E. Fletcher, endocrin\u00f3logo, internista e investigador, quien hace m\u00e1s de 20 a\u00f1os trabaja en la Caja de Seguro Social, y es profesor titular de Medicina Interna en la Universidad de Panam\u00e1, dijo que &lsquo;\u00c9sta es una emergencia mundial. <\/p>\n<p>La hiperglicemia es un desorden del metabolismo en el que el cuerpo est\u00e1 impedido de utilizar nutrientes. Es como si el paciente no comiera adecuadamente. Es peligroso porque hay un progreso asintom\u00e1tico y factores que son aceleradores. Asimismo est\u00e1 el riesgo cardiovascular, la retinopat\u00eda que es causa de ceguera, arterioesclerosis, alteraci\u00f3n nerviosa, lesiones y amputaci\u00f3n&rsquo;. El m\u00e9dico agreg\u00f3 que la diabetes va de la mano con el sobrepeso y el sedentarismo.En Latinoam\u00e9rica todav\u00eda \u00a0no se cumplen los est\u00e1ndares para el cuidado de la diabetes. <\/p>\n<p>Por su parte, el m\u00e9dico Miguel A. Arreola, Internista y director m\u00e9dico de Novo Nordisk para Centroam\u00e9rica, Caribe y Venezuela, expres\u00f3: &lsquo;Desde los tiempos hipocr\u00e1ticos, una de las misiones de los m\u00e9dicos es educar a la poblaci\u00f3n. Estamos en la necesidad de mejorar el control gluc\u00e9mico. Novo Nordisk tiene m\u00e1s de 90 a\u00f1os en un proceso de mejoramiento de la calidad de las insulinas. Ahora lo importante es que el tratamiento sea flexible y no irregular, que el paciente no lo deje por fastidio o miedo. Los esquemas de uso son restrictivos&rsquo;. <\/p>\n<p>\u00a0 <\/p>\n","protected":false},"excerpt":{"rendered":"<p>La diabetes o hiperglicemia es una enfermedad cr\u00f3nica, es decir, <a href=\"https:\/\/sertv.gob.pa\/nacionalfm\/estamos-a-las-puertas-de-una-pandemia-de-diabetes-de-grandes-proporciones\/\"> [&#8230;]<\/a><\/p>\n","protected":false},"author":1,"featured_media":2303,"comment_status":"closed","ping_status":"closed","sticky":false,"template":"","format":"standard","meta":{"footnotes":""},"categories":[5],"tags":[],"class_list":["post-2302","post","type-post","status-publish","format-standard","has-post-thumbnail","hentry","category-salud"],"_links":{"self":[{"href":"https:\/\/sertv.gob.pa\/nacionalfm\/wp-json\/wp\/v2\/posts\/2302","targetHints":{"allow":["GET"]}}],"collection":[{"href":"https:\/\/sertv.gob.pa\/nacionalfm\/wp-json\/wp\/v2\/posts"}],"about":[{"href":"https:\/\/sertv.gob.pa\/nacionalfm\/wp-json\/wp\/v2\/types\/post"}],"author":[{"embeddable":true,"href":"https:\/\/sertv.gob.pa\/nacionalfm\/wp-json\/wp\/v2\/users\/1"}],"replies":[{"embeddable":true,"href":"https:\/\/sertv.gob.pa\/nacionalfm\/wp-json\/wp\/v2\/comments?post=2302"}],"version-history":[{"count":0,"href":"https:\/\/sertv.gob.pa\/nacionalfm\/wp-json\/wp\/v2\/posts\/2302\/revisions"}],"wp:featuredmedia":[{"embeddable":true,"href":"https:\/\/sertv.gob.pa\/nacionalfm\/wp-json\/wp\/v2\/media\/2303"}],"wp:attachment":[{"href":"https:\/\/sertv.gob.pa\/nacionalfm\/wp-json\/wp\/v2\/media?parent=2302"}],"wp:term":[{"taxonomy":"category","embeddable":true,"href":"https:\/\/sertv.gob.pa\/nacionalfm\/wp-json\/wp\/v2\/categories?post=2302"},{"taxonomy":"post_tag","embeddable":true,"href":"https:\/\/sertv.gob.pa\/nacionalfm\/wp-json\/wp\/v2\/tags?post=2302"}],"curies":[{"name":"wp","href":"https:\/\/api.w.org\/{rel}","templated":true}]}}