{"id":2322,"date":"2014-10-28T05:00:00","date_gmt":"2014-10-28T05:00:00","guid":{"rendered":""},"modified":"2014-10-28T05:00:00","modified_gmt":"2014-10-28T05:00:00","slug":"antitranspirantes-son-cancerigenos-segun-medico-boliviano","status":"publish","type":"post","link":"https:\/\/sertv.gob.pa\/nacionalfm\/antitranspirantes-son-cancerigenos-segun-medico-boliviano\/","title":{"rendered":"Antitranspirantes son cancer\u00edgenos, seg\u00fan m\u00e9dico boliviano"},"content":{"rendered":"<p>\nEl m\u00e9dico boliviano Jaime Jim\u00e9nez, responsable de investigaci\u00f3n del programa Credisalud, demostr\u00f3 que la composici\u00f3n de un antitranspirante es un cancer\u00edgeno. Este anuncio se dio en La Paz, capital de Bolivia. <\/p>\n<p>Seg\u00fan una investigaci\u00f3n realizada por m\u00e9dicos bolivianos el uso de antitranspirantes inmediatamente luego de afeitarse las axilas, propicia el desarrollo de c\u00e1ncer de mama debido al aluminio en su composici\u00f3n. <\/p>\n<p>El responsable de este an\u00e1lisis por el programa Credisalud, el Dr. Jim\u00e9nez, explic\u00f3 a Efe que el afeitado y depilado causa irritaci\u00f3n en la piel y peque\u00f1as heridas. Este hecho incrementa el peligro de que el metal entre en el torrente linf\u00e1tico, llegando al tejido mamario como consecuencia. <\/p>\n<p>\u00a0 <\/p>\n","protected":false},"excerpt":{"rendered":"<p>El m\u00e9dico boliviano Jaime Jim\u00e9nez, responsable de investigaci\u00f3n del programa <a href=\"https:\/\/sertv.gob.pa\/nacionalfm\/antitranspirantes-son-cancerigenos-segun-medico-boliviano\/\"> [&#8230;]<\/a><\/p>\n","protected":false},"author":1,"featured_media":2323,"comment_status":"closed","ping_status":"closed","sticky":false,"template":"","format":"standard","meta":{"footnotes":""},"categories":[5],"tags":[],"class_list":["post-2322","post","type-post","status-publish","format-standard","has-post-thumbnail","hentry","category-salud"],"_links":{"self":[{"href":"https:\/\/sertv.gob.pa\/nacionalfm\/wp-json\/wp\/v2\/posts\/2322","targetHints":{"allow":["GET"]}}],"collection":[{"href":"https:\/\/sertv.gob.pa\/nacionalfm\/wp-json\/wp\/v2\/posts"}],"about":[{"href":"https:\/\/sertv.gob.pa\/nacionalfm\/wp-json\/wp\/v2\/types\/post"}],"author":[{"embeddable":true,"href":"https:\/\/sertv.gob.pa\/nacionalfm\/wp-json\/wp\/v2\/users\/1"}],"replies":[{"embeddable":true,"href":"https:\/\/sertv.gob.pa\/nacionalfm\/wp-json\/wp\/v2\/comments?post=2322"}],"version-history":[{"count":0,"href":"https:\/\/sertv.gob.pa\/nacionalfm\/wp-json\/wp\/v2\/posts\/2322\/revisions"}],"wp:featuredmedia":[{"embeddable":true,"href":"https:\/\/sertv.gob.pa\/nacionalfm\/wp-json\/wp\/v2\/media\/2323"}],"wp:attachment":[{"href":"https:\/\/sertv.gob.pa\/nacionalfm\/wp-json\/wp\/v2\/media?parent=2322"}],"wp:term":[{"taxonomy":"category","embeddable":true,"href":"https:\/\/sertv.gob.pa\/nacionalfm\/wp-json\/wp\/v2\/categories?post=2322"},{"taxonomy":"post_tag","embeddable":true,"href":"https:\/\/sertv.gob.pa\/nacionalfm\/wp-json\/wp\/v2\/tags?post=2322"}],"curies":[{"name":"wp","href":"https:\/\/api.w.org\/{rel}","templated":true}]}}