{"id":2324,"date":"2014-10-28T05:00:00","date_gmt":"2014-10-28T05:00:00","guid":{"rendered":""},"modified":"2014-10-28T05:00:00","modified_gmt":"2014-10-28T05:00:00","slug":"deteccion-del-cancer-es-impedido-por-machismo","status":"publish","type":"post","link":"https:\/\/sertv.gob.pa\/nacionalfm\/deteccion-del-cancer-es-impedido-por-machismo\/","title":{"rendered":"Detecci\u00f3n del c\u00e1ncer es impedido por machismo"},"content":{"rendered":"<p>\nCada d\u00eda que pasa el c\u00e1ncer prost\u00e1tico le gana terreno al de mama y al c\u00e9rvico uterino en la provincia de Herrera. <\/p>\n<p>Desde que comenz\u00f3 el registro nacional de la enfermedad, en 1995, en esta provincia se han dado 823 casos de c\u00e1ncer de pr\u00f3stata, contra 611 de mama. <\/p>\n<p>El director regional de Salud de Herrera, Alcib\u00edades Dom\u00ednguez, resalt\u00f3 que los hombres siguen prefiriendo hacerse la prueba del ant\u00edgeno prost\u00e1tico espec\u00edfico (PSA), en lugar del tacto rectal, que es m\u00e1s preciso. <\/p>\n<p>&ldquo;El machismo est\u00e1 incidiendo directamente en esta dura realidad&rdquo;, reconoci\u00f3 el galeno, luego de se\u00f1alar que las mujeres son m\u00e1s conscientes y acuden al centro de salud sin mayor prejuicio. <\/p>\n<p>Tanto es as\u00ed, expres\u00f3, que en este mes, dedicado a la prevenci\u00f3n del c\u00e1ncer de mama y de pr\u00f3stata, al 22 de octubre mil 406 mujeres se han hecho la mamograf\u00eda en Herrera, mientras que solo 329 varones se han hecho el PSA. <\/p>\n<p>\u00a0 <\/p>\n","protected":false},"excerpt":{"rendered":"<p>Cada d\u00eda que pasa el c\u00e1ncer prost\u00e1tico le gana terreno <a href=\"https:\/\/sertv.gob.pa\/nacionalfm\/deteccion-del-cancer-es-impedido-por-machismo\/\"> [&#8230;]<\/a><\/p>\n","protected":false},"author":1,"featured_media":2325,"comment_status":"closed","ping_status":"closed","sticky":false,"template":"","format":"standard","meta":{"footnotes":""},"categories":[5],"tags":[],"class_list":["post-2324","post","type-post","status-publish","format-standard","has-post-thumbnail","hentry","category-salud"],"_links":{"self":[{"href":"https:\/\/sertv.gob.pa\/nacionalfm\/wp-json\/wp\/v2\/posts\/2324","targetHints":{"allow":["GET"]}}],"collection":[{"href":"https:\/\/sertv.gob.pa\/nacionalfm\/wp-json\/wp\/v2\/posts"}],"about":[{"href":"https:\/\/sertv.gob.pa\/nacionalfm\/wp-json\/wp\/v2\/types\/post"}],"author":[{"embeddable":true,"href":"https:\/\/sertv.gob.pa\/nacionalfm\/wp-json\/wp\/v2\/users\/1"}],"replies":[{"embeddable":true,"href":"https:\/\/sertv.gob.pa\/nacionalfm\/wp-json\/wp\/v2\/comments?post=2324"}],"version-history":[{"count":0,"href":"https:\/\/sertv.gob.pa\/nacionalfm\/wp-json\/wp\/v2\/posts\/2324\/revisions"}],"wp:featuredmedia":[{"embeddable":true,"href":"https:\/\/sertv.gob.pa\/nacionalfm\/wp-json\/wp\/v2\/media\/2325"}],"wp:attachment":[{"href":"https:\/\/sertv.gob.pa\/nacionalfm\/wp-json\/wp\/v2\/media?parent=2324"}],"wp:term":[{"taxonomy":"category","embeddable":true,"href":"https:\/\/sertv.gob.pa\/nacionalfm\/wp-json\/wp\/v2\/categories?post=2324"},{"taxonomy":"post_tag","embeddable":true,"href":"https:\/\/sertv.gob.pa\/nacionalfm\/wp-json\/wp\/v2\/tags?post=2324"}],"curies":[{"name":"wp","href":"https:\/\/api.w.org\/{rel}","templated":true}]}}