{"id":2328,"date":"2014-10-28T05:00:00","date_gmt":"2014-10-28T05:00:00","guid":{"rendered":""},"modified":"2014-10-28T05:00:00","modified_gmt":"2014-10-28T05:00:00","slug":"alerta-verde-durante-fiestas-patrias","status":"publish","type":"post","link":"https:\/\/sertv.gob.pa\/nacionalfm\/alerta-verde-durante-fiestas-patrias\/","title":{"rendered":"\u201cAlerta verde\u201d  durante fiestas patrias"},"content":{"rendered":"<p>\nCon motivo de la celebraci\u00f3n de las fiestas patrias, la regi\u00f3n de salud de San Miguelito, Las Cumbres y Chilibre, anunci\u00f3 que se mantendr\u00e1 en &ldquo;alerta verde&rdquo; a partir de las 3:00 p.m. del viernes, 31 de octubre, hasta las 6:00 a.m. del jueves, 6 de noviembre. <\/p>\n<p>Juan Biebarach, director de esta regi\u00f3n de salud, \u00a0asegur\u00f3 que todo est\u00e1 listo para hacerle frente a los acontecimientos que se puedan suscitar durante el desarrollo de los desfiles patrios en el distrito de San Miguelito, y que orden\u00f3 extremar la vigilancia epidemiol\u00f3gica, tanto de la atenci\u00f3n m\u00e9dica como en los sitios de expendio de alimentos. <\/p>\n<p>\u00a0 <\/p>\n","protected":false},"excerpt":{"rendered":"<p>Con motivo de la celebraci\u00f3n de las fiestas patrias, la <a href=\"https:\/\/sertv.gob.pa\/nacionalfm\/alerta-verde-durante-fiestas-patrias\/\"> [&#8230;]<\/a><\/p>\n","protected":false},"author":1,"featured_media":2329,"comment_status":"closed","ping_status":"closed","sticky":false,"template":"","format":"standard","meta":{"footnotes":""},"categories":[5],"tags":[],"class_list":["post-2328","post","type-post","status-publish","format-standard","has-post-thumbnail","hentry","category-salud"],"_links":{"self":[{"href":"https:\/\/sertv.gob.pa\/nacionalfm\/wp-json\/wp\/v2\/posts\/2328","targetHints":{"allow":["GET"]}}],"collection":[{"href":"https:\/\/sertv.gob.pa\/nacionalfm\/wp-json\/wp\/v2\/posts"}],"about":[{"href":"https:\/\/sertv.gob.pa\/nacionalfm\/wp-json\/wp\/v2\/types\/post"}],"author":[{"embeddable":true,"href":"https:\/\/sertv.gob.pa\/nacionalfm\/wp-json\/wp\/v2\/users\/1"}],"replies":[{"embeddable":true,"href":"https:\/\/sertv.gob.pa\/nacionalfm\/wp-json\/wp\/v2\/comments?post=2328"}],"version-history":[{"count":0,"href":"https:\/\/sertv.gob.pa\/nacionalfm\/wp-json\/wp\/v2\/posts\/2328\/revisions"}],"wp:featuredmedia":[{"embeddable":true,"href":"https:\/\/sertv.gob.pa\/nacionalfm\/wp-json\/wp\/v2\/media\/2329"}],"wp:attachment":[{"href":"https:\/\/sertv.gob.pa\/nacionalfm\/wp-json\/wp\/v2\/media?parent=2328"}],"wp:term":[{"taxonomy":"category","embeddable":true,"href":"https:\/\/sertv.gob.pa\/nacionalfm\/wp-json\/wp\/v2\/categories?post=2328"},{"taxonomy":"post_tag","embeddable":true,"href":"https:\/\/sertv.gob.pa\/nacionalfm\/wp-json\/wp\/v2\/tags?post=2328"}],"curies":[{"name":"wp","href":"https:\/\/api.w.org\/{rel}","templated":true}]}}