{"id":2346,"date":"2014-10-29T05:00:00","date_gmt":"2014-10-29T05:00:00","guid":{"rendered":""},"modified":"2014-10-29T05:00:00","modified_gmt":"2014-10-29T05:00:00","slug":"dia-mundial-de-la-psoriasis","status":"publish","type":"post","link":"https:\/\/sertv.gob.pa\/nacionalfm\/dia-mundial-de-la-psoriasis\/","title":{"rendered":"D\u00eda mundial de la psoriasis"},"content":{"rendered":"<p>\nHoy 29 de octubre se celebra el D\u00eda Mundial de la Psoriasis. Una enfermedad inflamatoria cr\u00f3nica multisist\u00e9mica, de naturaleza inmunol\u00f3gica, y de predisposici\u00f3n gen\u00e9tica. Se estima que la padecen 125 millones de personas en el mundo. <\/p>\n<p>La Fundaci\u00f3n Psoriasis de Panam\u00e1, que preside M\u00f3nica de Chapman y que tiene como vicepresidente a Felipe Chapman, promueve la sensibilidad social en la poblaci\u00f3n paname\u00f1a sobre la psoriasis y la artritis psori\u00e1sica, desarrollando campa\u00f1as informativas de concienciaci\u00f3n, que permiten conocer el impacto de esta enfermedad en la poblaci\u00f3n. Su gesti\u00f3n est\u00e1 contribuyendo a disminuir la exclusi\u00f3n, el rechazo y la discriminaci\u00f3n hacia las personas que la sufren. <\/p>\n<p>\u00a0 <\/p>\n","protected":false},"excerpt":{"rendered":"<p>Hoy 29 de octubre se celebra el D\u00eda Mundial de <a href=\"https:\/\/sertv.gob.pa\/nacionalfm\/dia-mundial-de-la-psoriasis\/\"> [&#8230;]<\/a><\/p>\n","protected":false},"author":1,"featured_media":2347,"comment_status":"closed","ping_status":"closed","sticky":false,"template":"","format":"standard","meta":{"footnotes":""},"categories":[5],"tags":[],"class_list":["post-2346","post","type-post","status-publish","format-standard","has-post-thumbnail","hentry","category-salud"],"_links":{"self":[{"href":"https:\/\/sertv.gob.pa\/nacionalfm\/wp-json\/wp\/v2\/posts\/2346","targetHints":{"allow":["GET"]}}],"collection":[{"href":"https:\/\/sertv.gob.pa\/nacionalfm\/wp-json\/wp\/v2\/posts"}],"about":[{"href":"https:\/\/sertv.gob.pa\/nacionalfm\/wp-json\/wp\/v2\/types\/post"}],"author":[{"embeddable":true,"href":"https:\/\/sertv.gob.pa\/nacionalfm\/wp-json\/wp\/v2\/users\/1"}],"replies":[{"embeddable":true,"href":"https:\/\/sertv.gob.pa\/nacionalfm\/wp-json\/wp\/v2\/comments?post=2346"}],"version-history":[{"count":0,"href":"https:\/\/sertv.gob.pa\/nacionalfm\/wp-json\/wp\/v2\/posts\/2346\/revisions"}],"wp:featuredmedia":[{"embeddable":true,"href":"https:\/\/sertv.gob.pa\/nacionalfm\/wp-json\/wp\/v2\/media\/2347"}],"wp:attachment":[{"href":"https:\/\/sertv.gob.pa\/nacionalfm\/wp-json\/wp\/v2\/media?parent=2346"}],"wp:term":[{"taxonomy":"category","embeddable":true,"href":"https:\/\/sertv.gob.pa\/nacionalfm\/wp-json\/wp\/v2\/categories?post=2346"},{"taxonomy":"post_tag","embeddable":true,"href":"https:\/\/sertv.gob.pa\/nacionalfm\/wp-json\/wp\/v2\/tags?post=2346"}],"curies":[{"name":"wp","href":"https:\/\/api.w.org\/{rel}","templated":true}]}}