{"id":235,"date":"2014-07-11T05:00:00","date_gmt":"2014-07-11T05:00:00","guid":{"rendered":""},"modified":"2014-07-11T05:00:00","modified_gmt":"2014-07-11T05:00:00","slug":"restriccion-sobre-consumo-de-agua-en-azuero-es-levantada","status":"publish","type":"post","link":"https:\/\/sertv.gob.pa\/nacionalfm\/restriccion-sobre-consumo-de-agua-en-azuero-es-levantada\/","title":{"rendered":"Restricci\u00f3n sobre consumo de agua en Azuero es levantada"},"content":{"rendered":"<p>\nLuego de 11 d\u00edas de crisis, m\u00e1s de 100 mil residentes en la regi\u00f3n de Azuero pueden volver a beber el agua que toman de las plantas potabilizadoras Roberto Reyna y Rufina Alfaro del r\u00edo La Villa. <\/p>\n<p>El pasado 30 de junio, el Gobierno advirti\u00f3 a los pobladores de los distritos de Los Santos, Las Tablas y Guarar\u00e9, en Los Santos, as\u00ed como Chitr\u00e9, en Herrera, que no pod\u00edan consumir el agua que sal\u00eda del grifo, debido a que estaba contaminada con atrazina, un herbicida usado en actividades agr\u00edcolas. \u00danicamente la pod\u00edan utilizar para labores dom\u00e9sticas, como fregar y lavar. <\/p>\n<p>No obstante, ayer, en conferencia de prensa, el ministro de Salud, Francisco Javier Terrientes, inform\u00f3 que se &ldquo;levanta la restricci\u00f3n&rdquo; de no consumir el agua, ya que solo contiene niveles de atrazina de una parte por bill\u00f3n.\u00a0 @nacionalFm <\/p>\n<p>\u00a0 <\/p>\n","protected":false},"excerpt":{"rendered":"<p>Luego de 11 d\u00edas de crisis, m\u00e1s de 100 mil <a href=\"https:\/\/sertv.gob.pa\/nacionalfm\/restriccion-sobre-consumo-de-agua-en-azuero-es-levantada\/\"> [&#8230;]<\/a><\/p>\n","protected":false},"author":1,"featured_media":236,"comment_status":"closed","ping_status":"closed","sticky":false,"template":"","format":"standard","meta":{"footnotes":""},"categories":[5],"tags":[],"class_list":["post-235","post","type-post","status-publish","format-standard","has-post-thumbnail","hentry","category-salud"],"_links":{"self":[{"href":"https:\/\/sertv.gob.pa\/nacionalfm\/wp-json\/wp\/v2\/posts\/235","targetHints":{"allow":["GET"]}}],"collection":[{"href":"https:\/\/sertv.gob.pa\/nacionalfm\/wp-json\/wp\/v2\/posts"}],"about":[{"href":"https:\/\/sertv.gob.pa\/nacionalfm\/wp-json\/wp\/v2\/types\/post"}],"author":[{"embeddable":true,"href":"https:\/\/sertv.gob.pa\/nacionalfm\/wp-json\/wp\/v2\/users\/1"}],"replies":[{"embeddable":true,"href":"https:\/\/sertv.gob.pa\/nacionalfm\/wp-json\/wp\/v2\/comments?post=235"}],"version-history":[{"count":0,"href":"https:\/\/sertv.gob.pa\/nacionalfm\/wp-json\/wp\/v2\/posts\/235\/revisions"}],"wp:featuredmedia":[{"embeddable":true,"href":"https:\/\/sertv.gob.pa\/nacionalfm\/wp-json\/wp\/v2\/media\/236"}],"wp:attachment":[{"href":"https:\/\/sertv.gob.pa\/nacionalfm\/wp-json\/wp\/v2\/media?parent=235"}],"wp:term":[{"taxonomy":"category","embeddable":true,"href":"https:\/\/sertv.gob.pa\/nacionalfm\/wp-json\/wp\/v2\/categories?post=235"},{"taxonomy":"post_tag","embeddable":true,"href":"https:\/\/sertv.gob.pa\/nacionalfm\/wp-json\/wp\/v2\/tags?post=235"}],"curies":[{"name":"wp","href":"https:\/\/api.w.org\/{rel}","templated":true}]}}