{"id":2362,"date":"2014-10-30T05:00:00","date_gmt":"2014-10-30T05:00:00","guid":{"rendered":""},"modified":"2014-10-30T05:00:00","modified_gmt":"2014-10-30T05:00:00","slug":"ya-hay-mas-de-13-700-infectados-con-el-virus-del-ebola","status":"publish","type":"post","link":"https:\/\/sertv.gob.pa\/nacionalfm\/ya-hay-mas-de-13-700-infectados-con-el-virus-del-ebola\/","title":{"rendered":"Ya hay m\u00e1s de 13.700 infectados con el virus del \u00c9bola"},"content":{"rendered":"<p>\nLa Organizaci\u00f3n Mundial de la Salud (OMS) confirm\u00f3 que 13.703 personas se han infectado con el virus del Ebola desde el comienzo de la epidemia el pasado marzo. <\/p>\n<p> El director adjunto de la organizaci\u00f3n a cargo de la respuesta operacional frente al \u00e9bola, Bruce Aylward, indic\u00f3 que \u00abprobablemente el n\u00famero de muertos ha superado los 5.000\u00bb, pero aclar\u00f3 que el \u00faltimo recuento de casos mortales se finalizar\u00e1 en las pr\u00f3ximas horas y se comunicar\u00e1 el n\u00famero exacto de fallecidos.  <\/p>\n<p>\u00a0 <\/p>\n","protected":false},"excerpt":{"rendered":"<p>La Organizaci\u00f3n Mundial de la Salud (OMS) confirm\u00f3 que 13.703 <a href=\"https:\/\/sertv.gob.pa\/nacionalfm\/ya-hay-mas-de-13-700-infectados-con-el-virus-del-ebola\/\"> [&#8230;]<\/a><\/p>\n","protected":false},"author":1,"featured_media":2363,"comment_status":"closed","ping_status":"closed","sticky":false,"template":"","format":"standard","meta":{"footnotes":""},"categories":[5],"tags":[],"class_list":["post-2362","post","type-post","status-publish","format-standard","has-post-thumbnail","hentry","category-salud"],"_links":{"self":[{"href":"https:\/\/sertv.gob.pa\/nacionalfm\/wp-json\/wp\/v2\/posts\/2362","targetHints":{"allow":["GET"]}}],"collection":[{"href":"https:\/\/sertv.gob.pa\/nacionalfm\/wp-json\/wp\/v2\/posts"}],"about":[{"href":"https:\/\/sertv.gob.pa\/nacionalfm\/wp-json\/wp\/v2\/types\/post"}],"author":[{"embeddable":true,"href":"https:\/\/sertv.gob.pa\/nacionalfm\/wp-json\/wp\/v2\/users\/1"}],"replies":[{"embeddable":true,"href":"https:\/\/sertv.gob.pa\/nacionalfm\/wp-json\/wp\/v2\/comments?post=2362"}],"version-history":[{"count":0,"href":"https:\/\/sertv.gob.pa\/nacionalfm\/wp-json\/wp\/v2\/posts\/2362\/revisions"}],"wp:featuredmedia":[{"embeddable":true,"href":"https:\/\/sertv.gob.pa\/nacionalfm\/wp-json\/wp\/v2\/media\/2363"}],"wp:attachment":[{"href":"https:\/\/sertv.gob.pa\/nacionalfm\/wp-json\/wp\/v2\/media?parent=2362"}],"wp:term":[{"taxonomy":"category","embeddable":true,"href":"https:\/\/sertv.gob.pa\/nacionalfm\/wp-json\/wp\/v2\/categories?post=2362"},{"taxonomy":"post_tag","embeddable":true,"href":"https:\/\/sertv.gob.pa\/nacionalfm\/wp-json\/wp\/v2\/tags?post=2362"}],"curies":[{"name":"wp","href":"https:\/\/api.w.org\/{rel}","templated":true}]}}