{"id":2376,"date":"2014-10-30T05:00:00","date_gmt":"2014-10-30T05:00:00","guid":{"rendered":""},"modified":"2014-10-30T05:00:00","modified_gmt":"2014-10-30T05:00:00","slug":"para-combatir-el-cancer-fabricaran-radiofarmacos","status":"publish","type":"post","link":"https:\/\/sertv.gob.pa\/nacionalfm\/para-combatir-el-cancer-fabricaran-radiofarmacos\/","title":{"rendered":"Para combatir el c\u00e1ncer fabricar\u00e1n radiof\u00e1rmacos"},"content":{"rendered":"<p>\nEn Panam\u00e1, en la Ciudad del Saber, en Clayton, fue inaugurada la primera radiofarmacia de Centroam\u00e9rica. <\/p>\n<p>Esta iniciativa, que busca la detecci\u00f3n temprana del c\u00e1ncer, se realiz\u00f3 a trav\u00e9s de la firma de un convenio entre la Fundaci\u00f3n Ciudad del Saber y Radiofarmacia de Centroam\u00e9rica S. A. <\/p>\n<p>Durante la apertura, el ministro de Salud, Francisco Terrientes, indic\u00f3 que la fabricaci\u00f3n de estos insumos representa un gran avance para el pa\u00eds, permitiendo a los hospitales adquirir la tomograf\u00eda por emisi\u00f3n de positrones, para detectar el c\u00e1ncer y darle seguimiento a los tratamientos. <\/p>\n<p>La radiofarmacia igualmente producir\u00e1 radiois\u00f3topos que son medicamentos que contienen material radioactivo que pueden administrarse v\u00eda oral, intravenosa o coloc\u00e1ndolos en una cavidad del cuerpo del paciente. <\/p>\n<p>\u00a0 <\/p>\n","protected":false},"excerpt":{"rendered":"<p>En Panam\u00e1, en la Ciudad del Saber, en Clayton, fue <a href=\"https:\/\/sertv.gob.pa\/nacionalfm\/para-combatir-el-cancer-fabricaran-radiofarmacos\/\"> [&#8230;]<\/a><\/p>\n","protected":false},"author":1,"featured_media":2377,"comment_status":"closed","ping_status":"closed","sticky":false,"template":"","format":"standard","meta":{"footnotes":""},"categories":[5],"tags":[],"class_list":["post-2376","post","type-post","status-publish","format-standard","has-post-thumbnail","hentry","category-salud"],"_links":{"self":[{"href":"https:\/\/sertv.gob.pa\/nacionalfm\/wp-json\/wp\/v2\/posts\/2376","targetHints":{"allow":["GET"]}}],"collection":[{"href":"https:\/\/sertv.gob.pa\/nacionalfm\/wp-json\/wp\/v2\/posts"}],"about":[{"href":"https:\/\/sertv.gob.pa\/nacionalfm\/wp-json\/wp\/v2\/types\/post"}],"author":[{"embeddable":true,"href":"https:\/\/sertv.gob.pa\/nacionalfm\/wp-json\/wp\/v2\/users\/1"}],"replies":[{"embeddable":true,"href":"https:\/\/sertv.gob.pa\/nacionalfm\/wp-json\/wp\/v2\/comments?post=2376"}],"version-history":[{"count":0,"href":"https:\/\/sertv.gob.pa\/nacionalfm\/wp-json\/wp\/v2\/posts\/2376\/revisions"}],"wp:featuredmedia":[{"embeddable":true,"href":"https:\/\/sertv.gob.pa\/nacionalfm\/wp-json\/wp\/v2\/media\/2377"}],"wp:attachment":[{"href":"https:\/\/sertv.gob.pa\/nacionalfm\/wp-json\/wp\/v2\/media?parent=2376"}],"wp:term":[{"taxonomy":"category","embeddable":true,"href":"https:\/\/sertv.gob.pa\/nacionalfm\/wp-json\/wp\/v2\/categories?post=2376"},{"taxonomy":"post_tag","embeddable":true,"href":"https:\/\/sertv.gob.pa\/nacionalfm\/wp-json\/wp\/v2\/tags?post=2376"}],"curies":[{"name":"wp","href":"https:\/\/api.w.org\/{rel}","templated":true}]}}