{"id":2384,"date":"2014-10-31T05:00:00","date_gmt":"2014-10-31T05:00:00","guid":{"rendered":""},"modified":"2014-10-31T05:00:00","modified_gmt":"2014-10-31T05:00:00","slug":"probaran-en-humanos-medicamento-hecho-de-garrapata-para-el-cancer","status":"publish","type":"post","link":"https:\/\/sertv.gob.pa\/nacionalfm\/probaran-en-humanos-medicamento-hecho-de-garrapata-para-el-cancer\/","title":{"rendered":"Probar\u00e1n en humanos medicamento hecho de garrapata para el c\u00e1ncer"},"content":{"rendered":"<p>\nInvestigadores del centro cient\u00edfico brasile\u00f1o Instituto Butantan probar\u00e1n en humanos una medicina contra el c\u00e1ncer desarrollada a partir de una mol\u00e9cula extra\u00edda de la saliva de la garrapata y que ya experimentaron con \u00e9xito en animales, informaron fuentes oficiales. <\/p>\n<p>Los responsables por el estudio tan solo esperan la autorizaci\u00f3n de la Agencia Nacional de Vigilancia Sanitaria para comenzar la primera fase de experimentos en humanos, inform\u00f3 este centro de investigaci\u00f3n m\u00e9dica vinculado al Gobierno regional del estado de Sao Paulo. <\/p>\n<p>La sustancia con potencial anticancer\u00edgeno fue extra\u00edda de la saliva de la garrapata estrella (Amblyomma cajennense) y hasta ahora se ha mostrado eficaz para combatir tumores cancer\u00edgenos, especialmente de p\u00e1ncreas, ri\u00f1\u00f3n y melanoma (c\u00e1ncer de piel). <\/p>\n<p>\u00a0 <\/p>\n","protected":false},"excerpt":{"rendered":"<p>Investigadores del centro cient\u00edfico brasile\u00f1o Instituto Butantan probar\u00e1n en humanos <a href=\"https:\/\/sertv.gob.pa\/nacionalfm\/probaran-en-humanos-medicamento-hecho-de-garrapata-para-el-cancer\/\"> [&#8230;]<\/a><\/p>\n","protected":false},"author":1,"featured_media":2385,"comment_status":"closed","ping_status":"closed","sticky":false,"template":"","format":"standard","meta":{"footnotes":""},"categories":[5],"tags":[],"class_list":["post-2384","post","type-post","status-publish","format-standard","has-post-thumbnail","hentry","category-salud"],"_links":{"self":[{"href":"https:\/\/sertv.gob.pa\/nacionalfm\/wp-json\/wp\/v2\/posts\/2384","targetHints":{"allow":["GET"]}}],"collection":[{"href":"https:\/\/sertv.gob.pa\/nacionalfm\/wp-json\/wp\/v2\/posts"}],"about":[{"href":"https:\/\/sertv.gob.pa\/nacionalfm\/wp-json\/wp\/v2\/types\/post"}],"author":[{"embeddable":true,"href":"https:\/\/sertv.gob.pa\/nacionalfm\/wp-json\/wp\/v2\/users\/1"}],"replies":[{"embeddable":true,"href":"https:\/\/sertv.gob.pa\/nacionalfm\/wp-json\/wp\/v2\/comments?post=2384"}],"version-history":[{"count":0,"href":"https:\/\/sertv.gob.pa\/nacionalfm\/wp-json\/wp\/v2\/posts\/2384\/revisions"}],"wp:featuredmedia":[{"embeddable":true,"href":"https:\/\/sertv.gob.pa\/nacionalfm\/wp-json\/wp\/v2\/media\/2385"}],"wp:attachment":[{"href":"https:\/\/sertv.gob.pa\/nacionalfm\/wp-json\/wp\/v2\/media?parent=2384"}],"wp:term":[{"taxonomy":"category","embeddable":true,"href":"https:\/\/sertv.gob.pa\/nacionalfm\/wp-json\/wp\/v2\/categories?post=2384"},{"taxonomy":"post_tag","embeddable":true,"href":"https:\/\/sertv.gob.pa\/nacionalfm\/wp-json\/wp\/v2\/tags?post=2384"}],"curies":[{"name":"wp","href":"https:\/\/api.w.org\/{rel}","templated":true}]}}