{"id":2388,"date":"2014-10-31T05:00:00","date_gmt":"2014-10-31T05:00:00","guid":{"rendered":""},"modified":"2014-10-31T05:00:00","modified_gmt":"2014-10-31T05:00:00","slug":"equipos-de-proteccion-contra-el-ebola-garantizados","status":"publish","type":"post","link":"https:\/\/sertv.gob.pa\/nacionalfm\/equipos-de-proteccion-contra-el-ebola-garantizados\/","title":{"rendered":"Equipos de protecci\u00f3n contra el \u00e9bola garantizados"},"content":{"rendered":"<p>\n Autoridades de la Organizaci\u00f3n Mundial de la Salud (OMS) manifestaron que el aprovisionamiento de equipos de protecci\u00f3n individual, para el personal sanitario que lucha contra el \u00e9bola en los tres pa\u00edses m\u00e1s afectados de \u00c1frica occidental, est\u00e1 garantizado para los pr\u00f3ximos seis meses.  <\/p>\n<p>En total, se ha previsto la compra mensual de medio mill\u00f3n de juegos completos de protecci\u00f3n, constituidos por material para proteger las mucosas de los ojos, nariz y boca, la cabeza y la nuca; as\u00ed como guantes, batas o monos m\u00e9dicos y botas impermeables. <\/p>\n<p> La epidemia ha disparado la demanda de este tipo de equipamiento y desde que el brote de \u00e9bola se convirti\u00f3 en epidemia, el pasado marzo en Guinea, la OMS ha distribuido un mill\u00f3n de equipos de protecci\u00f3n, revel\u00f3 su director de Suministros y Seguridad, Edward Kelley.  <\/p>\n<p>La demanda que se ha generado no \u00fanicamente en los pa\u00edses donde el virus circula de forma intensiva, sino en otros con un pu\u00f1ado de casos pero que quieren ponerse a buen resguardo, como Estados Unidos, ha hecho temer un eventual agotamiento de las reservas. <\/p>\n<p>No obstante, Kelly asegur\u00f3 hoy que la OMS intenta dar prioridad al suministro del material en las \u00e1reas afectadas, en Liberia y Sierra Leona, adem\u00e1s de Guinea. <\/p>\n<p> En estos pa\u00edses, cada persona que entra en contacto con personas infectadas por el \u00e9bola tiene que cambiarse totalmente de equipamiento cada vez que entra en las zonas de tratamiento.  <\/p>\n<p>\u00a0 <\/p>\n<p> La mayor\u00eda de elementos de los equipos de protecci\u00f3n son, adem\u00e1s, desechables.  <\/p>\n<p>\u00a0 <\/p>\n<p>\u00a0 <\/p>\n","protected":false},"excerpt":{"rendered":"<p>Autoridades de la Organizaci\u00f3n Mundial de la Salud (OMS) manifestaron <a href=\"https:\/\/sertv.gob.pa\/nacionalfm\/equipos-de-proteccion-contra-el-ebola-garantizados\/\"> [&#8230;]<\/a><\/p>\n","protected":false},"author":1,"featured_media":2389,"comment_status":"closed","ping_status":"closed","sticky":false,"template":"","format":"standard","meta":{"footnotes":""},"categories":[5],"tags":[],"class_list":["post-2388","post","type-post","status-publish","format-standard","has-post-thumbnail","hentry","category-salud"],"_links":{"self":[{"href":"https:\/\/sertv.gob.pa\/nacionalfm\/wp-json\/wp\/v2\/posts\/2388","targetHints":{"allow":["GET"]}}],"collection":[{"href":"https:\/\/sertv.gob.pa\/nacionalfm\/wp-json\/wp\/v2\/posts"}],"about":[{"href":"https:\/\/sertv.gob.pa\/nacionalfm\/wp-json\/wp\/v2\/types\/post"}],"author":[{"embeddable":true,"href":"https:\/\/sertv.gob.pa\/nacionalfm\/wp-json\/wp\/v2\/users\/1"}],"replies":[{"embeddable":true,"href":"https:\/\/sertv.gob.pa\/nacionalfm\/wp-json\/wp\/v2\/comments?post=2388"}],"version-history":[{"count":0,"href":"https:\/\/sertv.gob.pa\/nacionalfm\/wp-json\/wp\/v2\/posts\/2388\/revisions"}],"wp:featuredmedia":[{"embeddable":true,"href":"https:\/\/sertv.gob.pa\/nacionalfm\/wp-json\/wp\/v2\/media\/2389"}],"wp:attachment":[{"href":"https:\/\/sertv.gob.pa\/nacionalfm\/wp-json\/wp\/v2\/media?parent=2388"}],"wp:term":[{"taxonomy":"category","embeddable":true,"href":"https:\/\/sertv.gob.pa\/nacionalfm\/wp-json\/wp\/v2\/categories?post=2388"},{"taxonomy":"post_tag","embeddable":true,"href":"https:\/\/sertv.gob.pa\/nacionalfm\/wp-json\/wp\/v2\/tags?post=2388"}],"curies":[{"name":"wp","href":"https:\/\/api.w.org\/{rel}","templated":true}]}}