{"id":23895,"date":"2017-09-22T22:39:54","date_gmt":"2017-09-22T22:39:54","guid":{"rendered":""},"modified":"2017-09-22T22:39:54","modified_gmt":"2017-09-22T22:39:54","slug":"caminar-despacio-factor-de-riesgo-de-muerte-cardiovascular","status":"publish","type":"post","link":"https:\/\/sertv.gob.pa\/nacionalfm\/caminar-despacio-factor-de-riesgo-de-muerte-cardiovascular\/","title":{"rendered":"Caminar despacio, factor de riesgo de muerte cardiovascular"},"content":{"rendered":"<p>\nUn estudio del Centro de Investigaci\u00f3n Biom\u00e9dica de Leicester (Reino Unido) han observado que las personas de mediana edad que dicen caminar lentamente tienen m\u00e1s riesgo de mortalidad cardiovascular que la poblaci\u00f3n general. <\/p>\n<p>Su investigaci\u00f3n, cuyos resultados publica la revista &#8216;European Heart Journal&#8217;, se bas\u00f3 en los datos de casi medio mill\u00f3n de personas de mediana edad recopilados entre 2006 y 2010 a trav\u00e9s del UK Biobank. En total incluyeron 420.727 personas que en el momento del estudio no ten\u00edan una enfermedad cardiaca ni tampoco c\u00e1ncer. <\/p>\n<p>En los siguientes 6,3 a\u00f1os desde la recopilaci\u00f3n de datos, contabilizaron un total de 8.598 muertes en la muestra, entre las que hab\u00eda 1.654 por enfermedad cardiovascular y 4.850 por c\u00e1ncer. <\/p>\n<p>El estudio se centr\u00f3 en la velocidad al caminar que refer\u00edan los propios encuestados, estableciendo tres categor\u00edas en funci\u00f3n de si lo hac\u00edan a un ritmo lento, constante o r\u00e1pido, para as\u00ed poder predecir su peligro de muerte por enfermedad cardiovascular o c\u00e1ncer. <\/p>\n<p>De este modo, vieron que los que caminaban lento ten\u00edan el doble de probabilidades de tener una muerte cardiovascular, en comparaci\u00f3n con los que iban m\u00e1s r\u00e1pido, y el hallazgo se observ\u00f3 tanto en hombres como en mujeres. <\/p>\n<p>Adem\u00e1s, vieron que no influ\u00edan otros factores de riesgo relacionados como el tabaquismo, el \u00edndice de masa corporal, la dieta o el tiempo que dedicaban a ver la televisi\u00f3n, por lo que el ritmo al caminar es un predictor independiente de la muerte relacionada con el coraz\u00f3n. <\/p>\n<p>\u00abTambi\u00e9n descubrimos que el ritmo al caminar estaba fuertemente ligado a una mayor tolerancia al ejercicio, as\u00ed como de la actividad f\u00edsica en general\u00bb, ha explicado Tom Yates, autor del estudio, por lo que puede utilizarse para identificar a aquellas personas con menos actividad f\u00edsica y promover un poco m\u00e1s de ejercicio. <\/p>\n<p>\u00a0 <\/p>\n","protected":false},"excerpt":{"rendered":"<p>Un estudio del Centro de Investigaci\u00f3n Biom\u00e9dica de Leicester (Reino <a href=\"https:\/\/sertv.gob.pa\/nacionalfm\/caminar-despacio-factor-de-riesgo-de-muerte-cardiovascular\/\"> [&#8230;]<\/a><\/p>\n","protected":false},"author":1,"featured_media":23896,"comment_status":"closed","ping_status":"closed","sticky":false,"template":"","format":"standard","meta":{"footnotes":""},"categories":[5],"tags":[],"class_list":["post-23895","post","type-post","status-publish","format-standard","has-post-thumbnail","hentry","category-salud"],"_links":{"self":[{"href":"https:\/\/sertv.gob.pa\/nacionalfm\/wp-json\/wp\/v2\/posts\/23895","targetHints":{"allow":["GET"]}}],"collection":[{"href":"https:\/\/sertv.gob.pa\/nacionalfm\/wp-json\/wp\/v2\/posts"}],"about":[{"href":"https:\/\/sertv.gob.pa\/nacionalfm\/wp-json\/wp\/v2\/types\/post"}],"author":[{"embeddable":true,"href":"https:\/\/sertv.gob.pa\/nacionalfm\/wp-json\/wp\/v2\/users\/1"}],"replies":[{"embeddable":true,"href":"https:\/\/sertv.gob.pa\/nacionalfm\/wp-json\/wp\/v2\/comments?post=23895"}],"version-history":[{"count":0,"href":"https:\/\/sertv.gob.pa\/nacionalfm\/wp-json\/wp\/v2\/posts\/23895\/revisions"}],"wp:featuredmedia":[{"embeddable":true,"href":"https:\/\/sertv.gob.pa\/nacionalfm\/wp-json\/wp\/v2\/media\/23896"}],"wp:attachment":[{"href":"https:\/\/sertv.gob.pa\/nacionalfm\/wp-json\/wp\/v2\/media?parent=23895"}],"wp:term":[{"taxonomy":"category","embeddable":true,"href":"https:\/\/sertv.gob.pa\/nacionalfm\/wp-json\/wp\/v2\/categories?post=23895"},{"taxonomy":"post_tag","embeddable":true,"href":"https:\/\/sertv.gob.pa\/nacionalfm\/wp-json\/wp\/v2\/tags?post=23895"}],"curies":[{"name":"wp","href":"https:\/\/api.w.org\/{rel}","templated":true}]}}