{"id":2406,"date":"2014-11-02T05:00:00","date_gmt":"2014-11-02T05:00:00","guid":{"rendered":""},"modified":"2014-11-02T05:00:00","modified_gmt":"2014-11-02T05:00:00","slug":"para-casos-de-ebola-se-descarta-utilizar-el-hst","status":"publish","type":"post","link":"https:\/\/sertv.gob.pa\/nacionalfm\/para-casos-de-ebola-se-descarta-utilizar-el-hst\/","title":{"rendered":"Para casos de \u00e9bola se descarta utilizar el HST"},"content":{"rendered":"<p>\nEl Ministerio de Salud ha descartado el uso del Hospital Santo Tom\u00e1s (HST) para atender casos de \u00e9bola que puedan ingresar al pa\u00eds. <\/p>\n<p>Debido a que la sala de aislamiento, que se pensaba adecuar para atender a los pacientes que necesitaran atenci\u00f3n m\u00e9dica, no cumpl\u00eda con algunas de las normas de exigencias del Centro de Control y Prevenci\u00f3n de Enfermedades (CDC) de Atlanta, Estados Unidos, &ldquo;no se va a utilizar o no se tiene pensado usarla&rdquo;, inform\u00f3 Javier Terrientes, ministro de Salud. <\/p>\n<p>El hospital de la 24 Diciembre es el centro donde ser\u00e1n enviados los casos de \u00e9bola, ya que cuenta con una sala de aislamiento de bioseguridad nivel tres, que re\u00fane y simula las especificaciones de las que hay en Estados Unidos. <\/p>\n<p>Una sala de nivel tres quiere decir que el lugar est\u00e1 adecuado para prevenir contaminaci\u00f3n por bacterias, virus y hongos pat\u00f3genos. <\/p>\n<p>En menos de 20 d\u00edas, las autoridades procedieron a habilitar esa sala con todas las normas de seguridad para poder atender pacientes con \u00e9bola. <\/p>\n<p>A pesar de que el Santo Tom\u00e1s no ser\u00e1 usado, sigue siendo de referencia porque las probabilidades de que pacientes lleguen en busca de atenci\u00f3n existen, por lo que Terrientes indic\u00f3 que se tendr\u00eda que ver la manera de c\u00f3mo ser\u00e1n trasladados hacia la 24 de Diciembre. <\/p>\n","protected":false},"excerpt":{"rendered":"<p>El Ministerio de Salud ha descartado el uso del Hospital <a href=\"https:\/\/sertv.gob.pa\/nacionalfm\/para-casos-de-ebola-se-descarta-utilizar-el-hst\/\"> [&#8230;]<\/a><\/p>\n","protected":false},"author":1,"featured_media":2407,"comment_status":"closed","ping_status":"closed","sticky":false,"template":"","format":"standard","meta":{"footnotes":""},"categories":[5],"tags":[],"class_list":["post-2406","post","type-post","status-publish","format-standard","has-post-thumbnail","hentry","category-salud"],"_links":{"self":[{"href":"https:\/\/sertv.gob.pa\/nacionalfm\/wp-json\/wp\/v2\/posts\/2406","targetHints":{"allow":["GET"]}}],"collection":[{"href":"https:\/\/sertv.gob.pa\/nacionalfm\/wp-json\/wp\/v2\/posts"}],"about":[{"href":"https:\/\/sertv.gob.pa\/nacionalfm\/wp-json\/wp\/v2\/types\/post"}],"author":[{"embeddable":true,"href":"https:\/\/sertv.gob.pa\/nacionalfm\/wp-json\/wp\/v2\/users\/1"}],"replies":[{"embeddable":true,"href":"https:\/\/sertv.gob.pa\/nacionalfm\/wp-json\/wp\/v2\/comments?post=2406"}],"version-history":[{"count":0,"href":"https:\/\/sertv.gob.pa\/nacionalfm\/wp-json\/wp\/v2\/posts\/2406\/revisions"}],"wp:featuredmedia":[{"embeddable":true,"href":"https:\/\/sertv.gob.pa\/nacionalfm\/wp-json\/wp\/v2\/media\/2407"}],"wp:attachment":[{"href":"https:\/\/sertv.gob.pa\/nacionalfm\/wp-json\/wp\/v2\/media?parent=2406"}],"wp:term":[{"taxonomy":"category","embeddable":true,"href":"https:\/\/sertv.gob.pa\/nacionalfm\/wp-json\/wp\/v2\/categories?post=2406"},{"taxonomy":"post_tag","embeddable":true,"href":"https:\/\/sertv.gob.pa\/nacionalfm\/wp-json\/wp\/v2\/tags?post=2406"}],"curies":[{"name":"wp","href":"https:\/\/api.w.org\/{rel}","templated":true}]}}