{"id":243,"date":"2014-07-11T05:00:00","date_gmt":"2014-07-11T05:00:00","guid":{"rendered":""},"modified":"2014-07-11T05:00:00","modified_gmt":"2014-07-11T05:00:00","slug":"fanlyc-y-su-octava-radiomaraton","status":"publish","type":"post","link":"https:\/\/sertv.gob.pa\/nacionalfm\/fanlyc-y-su-octava-radiomaraton\/","title":{"rendered":"FANLYC y su Octava Radiomarat\u00f3n"},"content":{"rendered":"<p>\nLa Fundaci\u00f3n Amigos del Ni\u00f1o con Leucemia y C\u00e1ncer (Fanlyc) lanz\u00f3 \u00a0su XX Campa\u00f1a Nacional de Detecci\u00f3n Precoz de la Leucemia y C\u00e1ncer, y su octava Radiomarat\u00f3n denominado \u00abSomos Fanlyc 2014\u00bb bajo el lema \u00abSoy feliz, Soy Fanlyc\u00bb, en el que participar\u00e1n 32 emisoras de radio. <\/p>\n<p>Esta iniciativa tiene como objetivo promover estilos de vida saludables, prevenir la obesidad en ni\u00f1os y adolescentes e impulsar la detecci\u00f3n temprana del c\u00e1ncer infantil. <\/p>\n<p>Seg\u00fan la fundaci\u00f3n al a\u00f1o se diagnostican en el pa\u00eds unos 150 casos de este mal en ni\u00f1os y adolescentes entre 0 y 18 a\u00f1os. @nacionalFm <\/p>\n<p>\u00a0 <\/p>\n","protected":false},"excerpt":{"rendered":"<p>La Fundaci\u00f3n Amigos del Ni\u00f1o con Leucemia y C\u00e1ncer (Fanlyc) <a href=\"https:\/\/sertv.gob.pa\/nacionalfm\/fanlyc-y-su-octava-radiomaraton\/\"> [&#8230;]<\/a><\/p>\n","protected":false},"author":1,"featured_media":244,"comment_status":"closed","ping_status":"closed","sticky":false,"template":"","format":"standard","meta":{"footnotes":""},"categories":[5],"tags":[],"class_list":["post-243","post","type-post","status-publish","format-standard","has-post-thumbnail","hentry","category-salud"],"_links":{"self":[{"href":"https:\/\/sertv.gob.pa\/nacionalfm\/wp-json\/wp\/v2\/posts\/243","targetHints":{"allow":["GET"]}}],"collection":[{"href":"https:\/\/sertv.gob.pa\/nacionalfm\/wp-json\/wp\/v2\/posts"}],"about":[{"href":"https:\/\/sertv.gob.pa\/nacionalfm\/wp-json\/wp\/v2\/types\/post"}],"author":[{"embeddable":true,"href":"https:\/\/sertv.gob.pa\/nacionalfm\/wp-json\/wp\/v2\/users\/1"}],"replies":[{"embeddable":true,"href":"https:\/\/sertv.gob.pa\/nacionalfm\/wp-json\/wp\/v2\/comments?post=243"}],"version-history":[{"count":0,"href":"https:\/\/sertv.gob.pa\/nacionalfm\/wp-json\/wp\/v2\/posts\/243\/revisions"}],"wp:featuredmedia":[{"embeddable":true,"href":"https:\/\/sertv.gob.pa\/nacionalfm\/wp-json\/wp\/v2\/media\/244"}],"wp:attachment":[{"href":"https:\/\/sertv.gob.pa\/nacionalfm\/wp-json\/wp\/v2\/media?parent=243"}],"wp:term":[{"taxonomy":"category","embeddable":true,"href":"https:\/\/sertv.gob.pa\/nacionalfm\/wp-json\/wp\/v2\/categories?post=243"},{"taxonomy":"post_tag","embeddable":true,"href":"https:\/\/sertv.gob.pa\/nacionalfm\/wp-json\/wp\/v2\/tags?post=243"}],"curies":[{"name":"wp","href":"https:\/\/api.w.org\/{rel}","templated":true}]}}