{"id":2434,"date":"2014-11-06T05:00:00","date_gmt":"2014-11-06T05:00:00","guid":{"rendered":""},"modified":"2014-11-06T05:00:00","modified_gmt":"2014-11-06T05:00:00","slug":"niveles-de-infestacion-del-aedes-continuan-altos","status":"publish","type":"post","link":"https:\/\/sertv.gob.pa\/nacionalfm\/niveles-de-infestacion-del-aedes-continuan-altos\/","title":{"rendered":"Niveles de infestaci\u00f3n del Aedes contin\u00faan altos"},"content":{"rendered":"<p>\nAurelio Rangel, director de la Regi\u00f3n Metropolitana de Salud, manifest\u00f3 que los niveles de infestaci\u00f3n del mosquito Aedes aegypti se mantienen altos, pese a las acciones que se ejecutan para reducirlos. <\/p>\n<p>El funcionario dijo que en el \u00e1rea metropolitana el nivel de infestaci\u00f3n, en general, es de 2.3%; no obstante, \u00a0hay sectores como el corregimiento de Las Ma\u00f1anitas donde se eleva al 10%. <\/p>\n<p>Las cifras de dengue este a\u00f1o est\u00e1n en mil 159 casos y 28 de chikungunya. <\/p>\n<p>\u00a0 <\/p>\n","protected":false},"excerpt":{"rendered":"<p>Aurelio Rangel, director de la Regi\u00f3n Metropolitana de Salud, manifest\u00f3 <a href=\"https:\/\/sertv.gob.pa\/nacionalfm\/niveles-de-infestacion-del-aedes-continuan-altos\/\"> [&#8230;]<\/a><\/p>\n","protected":false},"author":1,"featured_media":2435,"comment_status":"closed","ping_status":"closed","sticky":false,"template":"","format":"standard","meta":{"footnotes":""},"categories":[5],"tags":[],"class_list":["post-2434","post","type-post","status-publish","format-standard","has-post-thumbnail","hentry","category-salud"],"_links":{"self":[{"href":"https:\/\/sertv.gob.pa\/nacionalfm\/wp-json\/wp\/v2\/posts\/2434","targetHints":{"allow":["GET"]}}],"collection":[{"href":"https:\/\/sertv.gob.pa\/nacionalfm\/wp-json\/wp\/v2\/posts"}],"about":[{"href":"https:\/\/sertv.gob.pa\/nacionalfm\/wp-json\/wp\/v2\/types\/post"}],"author":[{"embeddable":true,"href":"https:\/\/sertv.gob.pa\/nacionalfm\/wp-json\/wp\/v2\/users\/1"}],"replies":[{"embeddable":true,"href":"https:\/\/sertv.gob.pa\/nacionalfm\/wp-json\/wp\/v2\/comments?post=2434"}],"version-history":[{"count":0,"href":"https:\/\/sertv.gob.pa\/nacionalfm\/wp-json\/wp\/v2\/posts\/2434\/revisions"}],"wp:featuredmedia":[{"embeddable":true,"href":"https:\/\/sertv.gob.pa\/nacionalfm\/wp-json\/wp\/v2\/media\/2435"}],"wp:attachment":[{"href":"https:\/\/sertv.gob.pa\/nacionalfm\/wp-json\/wp\/v2\/media?parent=2434"}],"wp:term":[{"taxonomy":"category","embeddable":true,"href":"https:\/\/sertv.gob.pa\/nacionalfm\/wp-json\/wp\/v2\/categories?post=2434"},{"taxonomy":"post_tag","embeddable":true,"href":"https:\/\/sertv.gob.pa\/nacionalfm\/wp-json\/wp\/v2\/tags?post=2434"}],"curies":[{"name":"wp","href":"https:\/\/api.w.org\/{rel}","templated":true}]}}