{"id":245,"date":"2014-07-11T05:00:00","date_gmt":"2014-07-11T05:00:00","guid":{"rendered":""},"modified":"2014-07-11T05:00:00","modified_gmt":"2014-07-11T05:00:00","slug":"cirugias-a-corazon-abierto-en-css-son-suspendidas","status":"publish","type":"post","link":"https:\/\/sertv.gob.pa\/nacionalfm\/cirugias-a-corazon-abierto-en-css-son-suspendidas\/","title":{"rendered":"Cirug\u00edas a coraz\u00f3n abierto en CSS  son suspendidas"},"content":{"rendered":"<p>\nLos cirujanos cardiovasculares del Complejo Hospitalario Arnulfo Arias Madrid de la Caja de Seguro Social (CSS) suspendieron las operaciones de coraz\u00f3n abierto, debido a que el nivel de temperatura en los quir\u00f3fanos es inadecuado, ya que los ductos de los acondicionadores de aire tienen problemas. <\/p>\n<p>Fuentes cercanas al centro hospitalario que solicitaron reserva de sus nombres informaron que la decisi\u00f3n se adopt\u00f3 porque la temperatura llega hasta los 32 grados cent\u00edgrados, cuando lo ideal es entre 17 y 21 grados. <\/p>\n<p>Los m\u00e9dicos cirujanos se reunieron esta semana con el director m\u00e9dico del hospital, Ameth Vielgo, a quien mostraron su inquietud. <\/p>\n<p>No obstante, Vielgo no puedo darles una respuesta satisfactoria, por lo que decidieron suspender hasta segunda orden estas intervenciones quir\u00fargicas. @nacionalFm <\/p>\n<p>\u00a0 <\/p>\n","protected":false},"excerpt":{"rendered":"<p>Los cirujanos cardiovasculares del Complejo Hospitalario Arnulfo Arias Madrid de <a href=\"https:\/\/sertv.gob.pa\/nacionalfm\/cirugias-a-corazon-abierto-en-css-son-suspendidas\/\"> [&#8230;]<\/a><\/p>\n","protected":false},"author":1,"featured_media":246,"comment_status":"closed","ping_status":"closed","sticky":false,"template":"","format":"standard","meta":{"footnotes":""},"categories":[5],"tags":[],"class_list":["post-245","post","type-post","status-publish","format-standard","has-post-thumbnail","hentry","category-salud"],"_links":{"self":[{"href":"https:\/\/sertv.gob.pa\/nacionalfm\/wp-json\/wp\/v2\/posts\/245","targetHints":{"allow":["GET"]}}],"collection":[{"href":"https:\/\/sertv.gob.pa\/nacionalfm\/wp-json\/wp\/v2\/posts"}],"about":[{"href":"https:\/\/sertv.gob.pa\/nacionalfm\/wp-json\/wp\/v2\/types\/post"}],"author":[{"embeddable":true,"href":"https:\/\/sertv.gob.pa\/nacionalfm\/wp-json\/wp\/v2\/users\/1"}],"replies":[{"embeddable":true,"href":"https:\/\/sertv.gob.pa\/nacionalfm\/wp-json\/wp\/v2\/comments?post=245"}],"version-history":[{"count":0,"href":"https:\/\/sertv.gob.pa\/nacionalfm\/wp-json\/wp\/v2\/posts\/245\/revisions"}],"wp:featuredmedia":[{"embeddable":true,"href":"https:\/\/sertv.gob.pa\/nacionalfm\/wp-json\/wp\/v2\/media\/246"}],"wp:attachment":[{"href":"https:\/\/sertv.gob.pa\/nacionalfm\/wp-json\/wp\/v2\/media?parent=245"}],"wp:term":[{"taxonomy":"category","embeddable":true,"href":"https:\/\/sertv.gob.pa\/nacionalfm\/wp-json\/wp\/v2\/categories?post=245"},{"taxonomy":"post_tag","embeddable":true,"href":"https:\/\/sertv.gob.pa\/nacionalfm\/wp-json\/wp\/v2\/tags?post=245"}],"curies":[{"name":"wp","href":"https:\/\/api.w.org\/{rel}","templated":true}]}}