{"id":2478,"date":"2014-11-08T05:00:00","date_gmt":"2014-11-08T05:00:00","guid":{"rendered":""},"modified":"2014-11-08T05:00:00","modified_gmt":"2014-11-08T05:00:00","slug":"cientificos-en-holanda-descubren-alternativa-a-los-antibioticos","status":"publish","type":"post","link":"https:\/\/sertv.gob.pa\/nacionalfm\/cientificos-en-holanda-descubren-alternativa-a-los-antibioticos\/","title":{"rendered":"Cient\u00edficos en Holanda \u00abdescubren\u00bb alternativa a los antibi\u00f3ticos"},"content":{"rendered":"<p>\nCient\u00edficos en Holanda manifiestan haber hallado una alternativa para los antibi\u00f3ticos que podr\u00eda ser utilizada para combatir las infecciones virulentas como el estafilococo resistente a la meticilina (SARM). <\/p>\n<p>Un estudio de prueba limitado efectuado por una compa\u00f1\u00eda de biotecnolog\u00eda holand\u00e9s sugiere que la infecci\u00f3n de SARM tiene pocas probabilidades de desarrollar una resistencia al nuevo medicamento, una enzima que ataca la bacteria. <\/p>\n<p>La empresa present\u00f3 su descubrimiento en Londres. <\/p>\n<p>\u00a0 <\/p>\n","protected":false},"excerpt":{"rendered":"<p>Cient\u00edficos en Holanda manifiestan haber hallado una alternativa para los <a href=\"https:\/\/sertv.gob.pa\/nacionalfm\/cientificos-en-holanda-descubren-alternativa-a-los-antibioticos\/\"> [&#8230;]<\/a><\/p>\n","protected":false},"author":1,"featured_media":2479,"comment_status":"closed","ping_status":"closed","sticky":false,"template":"","format":"standard","meta":{"footnotes":""},"categories":[5],"tags":[],"class_list":["post-2478","post","type-post","status-publish","format-standard","has-post-thumbnail","hentry","category-salud"],"_links":{"self":[{"href":"https:\/\/sertv.gob.pa\/nacionalfm\/wp-json\/wp\/v2\/posts\/2478","targetHints":{"allow":["GET"]}}],"collection":[{"href":"https:\/\/sertv.gob.pa\/nacionalfm\/wp-json\/wp\/v2\/posts"}],"about":[{"href":"https:\/\/sertv.gob.pa\/nacionalfm\/wp-json\/wp\/v2\/types\/post"}],"author":[{"embeddable":true,"href":"https:\/\/sertv.gob.pa\/nacionalfm\/wp-json\/wp\/v2\/users\/1"}],"replies":[{"embeddable":true,"href":"https:\/\/sertv.gob.pa\/nacionalfm\/wp-json\/wp\/v2\/comments?post=2478"}],"version-history":[{"count":0,"href":"https:\/\/sertv.gob.pa\/nacionalfm\/wp-json\/wp\/v2\/posts\/2478\/revisions"}],"wp:featuredmedia":[{"embeddable":true,"href":"https:\/\/sertv.gob.pa\/nacionalfm\/wp-json\/wp\/v2\/media\/2479"}],"wp:attachment":[{"href":"https:\/\/sertv.gob.pa\/nacionalfm\/wp-json\/wp\/v2\/media?parent=2478"}],"wp:term":[{"taxonomy":"category","embeddable":true,"href":"https:\/\/sertv.gob.pa\/nacionalfm\/wp-json\/wp\/v2\/categories?post=2478"},{"taxonomy":"post_tag","embeddable":true,"href":"https:\/\/sertv.gob.pa\/nacionalfm\/wp-json\/wp\/v2\/tags?post=2478"}],"curies":[{"name":"wp","href":"https:\/\/api.w.org\/{rel}","templated":true}]}}